{"id":456009,"date":"2025-10-11T22:11:11","date_gmt":"2025-10-11T22:11:11","guid":{"rendered":"https:\/\/www.europesays.com\/fr\/456009\/"},"modified":"2025-10-11T22:11:11","modified_gmt":"2025-10-11T22:11:11","slug":"disparition-de-diane-keaton-linoubliable-interprete-du-parrain-et-de-annie-hall","status":"publish","type":"post","link":"https:\/\/www.europesays.com\/fr\/456009\/","title":{"rendered":"Disparition de Diane Keaton, l\u2019inoubliable interpr\u00e8te du \u00ab\u00a0Parrain\u00a0\u00bb et de \u00ab\u00a0Annie Hall\u00a0\u00bb"},"content":{"rendered":"\n<p class=\"article__chapeau\">L\u2019actrice am\u00e9ricaine s\u2019est \u00e9teinte \u00e0 Los Angeles ce 10\u00a0octobre, \u00e0 79\u00a0ans, au terme d\u2019une longue carri\u00e8re marqu\u00e9e par ses collaborations avec Francis Ford Coppola et Woody Allen.<\/p>\n<p>              <a href=\"https:\/\/www.europesays.com\/fr\/wp-content\/uploads\/2025\/10\/e79ea78_upload-1-i4v01jbytc89-gettyimages-2166935654.jpg\" data-pswp-width=\"\" data-pswp-height=\"\" class=\"media__hd\" target=\"_blank\">      <img decoding=\"async\" fetchpriority=\"high\" src=\"https:\/\/www.europesays.com\/fr\/wp-content\/uploads\/2025\/10\/e79ea78_upload-1-i4v01jbytc89-gettyimages-2166935654.jpg\" class=\"media__picture js-media-zoom-main \" alt=\"Diane Keaton en ao\u00fbt 2024\u00a0\u00e0 Los Angeles. \" title=\"Bellocqimages\/Bauer-Griffin \/ GC Images\"\/>      <\/p>\n<p class=\"media__legend\"> Diane Keaton en ao\u00fbt 2024\u00a0\u00e0 Los Angeles.   Bellocqimages\/Bauer-Griffin \/ GC Images  <\/p>\n<p>     <\/a>                    <\/p>\n<p class=\"author author--simple\">Par  <a class=\"author author--link\" href=\"https:\/\/www.telerama.fr\/recherche\/articles?q=T%C3%A9l%C3%A9rama%2C+avec+AFP\" rel=\"nofollow noopener\" target=\"_blank\"> T\u00e9l\u00e9rama, avec AFP <\/a>    <\/p>\n<p class=\"publication__date\">Publi\u00e9 le 11 octobre 2025 \u00e0 22h35<\/p>\n<p>   Partager   <\/p>\n<ul class=\"sharing-popin--results\">\n<li class=\"sharing-popin--item sharing-popin--item-container\"> Partage  <\/li>\n<li data-share=\"linkedin\" class=\"sharing-popin--item\">  LinkedIn <\/li>\n<li data-share=\"facebook\" class=\"sharing-popin--item\">  Facebook <\/li>\n<li data-share=\"mail\" data-social=\"mail\" class=\"sharing-popin--item\">  Envoyer par email <\/li>\n<li data-share=\"copy\" class=\"sharing-popin--item\">  Copier le lien <\/li>\n<\/ul>\n<p>        Favoris       <\/p>\n<p>                <a class=\"openapp__link\" data-event=\"click-open-app\" data-deep-link=\"tlrm:\/\/element?id=\/cinema\/disparition-de-diane-keaton-l-inoubliable-interprete-du-parrain-et-de-annie-hall-7027794.php&amp;source=deeplink_site\">  Lire dans l&rsquo;application<br \/>\n  <\/a>                               <\/p>\n<p class=\"paragraph\">Diane Keaton est morte, laissant le cin\u00e9ma inconsolable et le charme orphelin. L\u2019actrice de 79\u00a0ans s\u2019est \u00e9teinte ce 10\u00a0octobre, en Californie, comme annonc\u00e9 au magazine People par un porte-parole de sa famille. Sa longue filmographie, d\u00e9but\u00e9e d\u00e8s 1970\u00a0apr\u00e8s un passage sur les planches de Broadway, inclut rien moins que la trilogie du Parrain, de Francis Ford Coppola, et de nombreux succ\u00e8s de Woody Allen (Manhattan, Meurtre myst\u00e9rieux \u00e0 Manhattan), dont elle fut l\u2019actrice f\u00e9tiche, la compagne, puis l\u2019amie fid\u00e8le envers et contre tout. C\u2019est d\u2019ailleurs sa prestation \u00e9tourdissante dans le r\u00f4le-titre d\u2019Annie Hall (1977) qui lui valut l\u2019Oscar de la meilleure actrice l\u2019ann\u00e9e suivante &#8211; une cat\u00e9gorie o\u00f9 elle fut aussi nomm\u00e9e pour Reds\u00a0(Warren Beatty, 1981), Simples Secrets (Jerry Zaks, 1996) et Tout peut arriver (Nancy Myers, 2003).<\/p>\n<p class=\"paragraph\">Summer Camp, son dernier film, une com\u00e9die avec Kathy Bates, \u00e9tait sorti directement en VOD en 2024. Cinq ans plus t\u00f4t, dans un entretien \u00e0 l\u2019AFP au sujet du film Pom-pom ladies (Netflix), Diane Keaton assurait ne penser ni \u00e0 la vieillesse, ni \u00e0 la retraite\u00a0: \u00ab\u00a0Et si jamais plus personne ne m\u2019appelle (pour tourner), j\u2019ai plein de hobbies qui me passionnent pour occuper mon temps\u00a0\u00bb, avait-elle affirm\u00e9.<\/p>\n","protected":false},"excerpt":{"rendered":"L\u2019actrice am\u00e9ricaine s\u2019est \u00e9teinte \u00e0 Los Angeles ce 10\u00a0octobre, \u00e0 79\u00a0ans, au terme d\u2019une longue carri\u00e8re marqu\u00e9e par&hellip;\n","protected":false},"author":2,"featured_media":456010,"comment_status":"","ping_status":"","sticky":false,"template":"","format":"standard","meta":{"footnotes":""},"categories":[1359],"tags":[58,59,1011,27,973],"class_list":{"0":"post-456009","1":"post","2":"type-post","3":"status-publish","4":"format-standard","5":"has-post-thumbnail","7":"category-people","8":"tag-divertissement","9":"tag-entertainment","10":"tag-fr","11":"tag-france","12":"tag-people"},"share_on_mastodon":{"url":"https:\/\/pubeurope.com\/@fr\/115357829779175556","error":""},"_links":{"self":[{"href":"https:\/\/www.europesays.com\/fr\/wp-json\/wp\/v2\/posts\/456009","targetHints":{"allow":["GET"]}}],"collection":[{"href":"https:\/\/www.europesays.com\/fr\/wp-json\/wp\/v2\/posts"}],"about":[{"href":"https:\/\/www.europesays.com\/fr\/wp-json\/wp\/v2\/types\/post"}],"author":[{"embeddable":true,"href":"https:\/\/www.europesays.com\/fr\/wp-json\/wp\/v2\/users\/2"}],"replies":[{"embeddable":true,"href":"https:\/\/www.europesays.com\/fr\/wp-json\/wp\/v2\/comments?post=456009"}],"version-history":[{"count":0,"href":"https:\/\/www.europesays.com\/fr\/wp-json\/wp\/v2\/posts\/456009\/revisions"}],"wp:featuredmedia":[{"embeddable":true,"href":"https:\/\/www.europesays.com\/fr\/wp-json\/wp\/v2\/media\/456010"}],"wp:attachment":[{"href":"https:\/\/www.europesays.com\/fr\/wp-json\/wp\/v2\/media?parent=456009"}],"wp:term":[{"taxonomy":"category","embeddable":true,"href":"https:\/\/www.europesays.com\/fr\/wp-json\/wp\/v2\/categories?post=456009"},{"taxonomy":"post_tag","embeddable":true,"href":"https:\/\/www.europesays.com\/fr\/wp-json\/wp\/v2\/tags?post=456009"}],"curies":[{"name":"wp","href":"https:\/\/api.w.org\/{rel}","templated":true}]}}