{"id":456011,"date":"2025-10-11T22:12:22","date_gmt":"2025-10-11T22:12:22","guid":{"rendered":"https:\/\/www.europesays.com\/fr\/456011\/"},"modified":"2025-10-11T22:12:22","modified_gmt":"2025-10-11T22:12:22","slug":"architecture-ingenierie-penser-ensemble-lexperience-utilisateur","status":"publish","type":"post","link":"https:\/\/www.europesays.com\/fr\/456011\/","title":{"rendered":"Architecture &#038; Ing\u00e9nierie : penser ensemble l\u2019exp\u00e9rience utilisateur"},"content":{"rendered":"<p>\n    Primavera Design met l\u2019ing\u00e9nierie au service de l\u2019architecture pour cr\u00e9er des lieux qui se vivent, se ressentent et se transforment avec le temps.<\/p>\n<p class=\"fig-paragraph\">Confort thermique, qualit\u00e9 de l\u2019air, performance \u00e9nerg\u00e9tique, exigences environnementales\u2026 L\u2019ing\u00e9nierie des fluides ne se limite plus \u00e0 r\u00e9pondre aux normes\u00a0: elle devient un levier de conception. En synergie avec les architectes, elle enrichit l\u2019exp\u00e9rience imagin\u00e9e, renforce le confort des occupants et am\u00e9liore la durabilit\u00e9 des b\u00e2timents. Pour les investisseurs, elle trace une trajectoire claire vers la sobri\u00e9t\u00e9 \u00e9nerg\u00e9tique, la valorisation du patrimoine et la p\u00e9rennit\u00e9 des actifs immobiliers.<\/p>\n<p class=\"fig-paragraph\">Mais dans un contexte de durcissement r\u00e9glementaire et d\u2019urgence climatique, un d\u00e9fi persiste\u00a0: comment conjuguer pr\u00e9servation du patrimoine et transition \u00e9nerg\u00e9tique\u00a0? \u00c0 Paris par exemple, les toitures en zinc class\u00e9es et les fa\u00e7ades haussmanniennes incarnent l\u2019identit\u00e9 urbaine. Pourtant, ces b\u00e2timents peinent \u00e0 r\u00e9pondre aux exigences de performance et aux attentes croissantes en mati\u00e8re de confort et d\u2019usage.<\/p>\n<p class=\"fig-paragraph\">Ce d\u00e9fi,\u00a0<a href=\"https:\/\/www.primavera-design.com\/\" target=\"_blank\" rel=\"sponsored noopener\" data-gtm-custom-categorie=\"navigation\" data-gtm-custom-action=\"crossclick\" data-gtm-custom-label=\"Contextuel\" data-gtm-event=\"customEventSPE\">Primavera Design<\/a>\u00a0le rel\u00e8ve au quotidien. Fond\u00e9 par\u00a0<a href=\"https:\/\/www.linkedin.com\/in\/artemi-martin\/\" target=\"_blank\" rel=\"sponsored noopener\" data-gtm-custom-categorie=\"navigation\" data-gtm-custom-action=\"crossclick\" data-gtm-custom-label=\"Contextuel\" data-gtm-event=\"customEventSPE\">Artemio Martin<\/a>, ing\u00e9nieur sp\u00e9cialis\u00e9 en g\u00e9nie climatique et fluide, ce bureau d\u2019\u00e9tudes techniques s\u2019appuie sur une approche \u00e0 la fois sobre, cr\u00e9ative et r\u00e9solument durable.<\/p>\n<p class=\"fig-paragraph\"><strong>\u00ab <\/strong><strong>\u00catre ing\u00e9nieur, c\u2019est donner du sens \u00e0 la mani\u00e8re dont on imagine ou r\u00e9invente nos b\u00e2timents. Ce que je cherche, c\u2019est faire entrer de l\u2019\u00e9quilibre dans nos espaces de vie<\/strong> <strong>\u00bb,<\/strong> explique-t-il.<\/p>\n<p>Transformer les d\u00e9fis r\u00e9glementaires en opportunit\u00e9s<\/p>\n<p class=\"fig-paragraph\">Reprenons l\u2019exemple des toits de Paris, inscrits au patrimoine immat\u00e9riel de l\u2019UNESCO. Symboles forts de la capitale, ils sont aussi de v\u00e9ritables passoires \u00e9nerg\u00e9tiques. Pourtant, pour Artemio Martin, ces toitures repr\u00e9sentent un formidable terrain d\u2019innovation.<\/p>\n<p class=\"fig-paragraph\">Parmi les solutions mises en \u0153uvre\u00a0:<\/p>\n<ul class=\"fig-list\">\n<li><strong>Isolation thermique en mat\u00e9riaux biosourc\u00e9s\u00a0:<\/strong> r\u00e9duction imm\u00e9diate de la consommation \u00e9nerg\u00e9tique et des charges.<\/li>\n<li><strong>V\u00e9g\u00e9talisation discr\u00e8te\u00a0:<\/strong> am\u00e9lioration du confort thermique, lutte contre les \u00eelots de chaleur urbains, soutien \u00e0 la biodiversit\u00e9, gestion des eaux pluviales.<\/li>\n<li><strong>Panneaux solaires int\u00e9gr\u00e9s\u00a0: <\/strong>production locale d\u2019\u00e9nergie, autonomie partielle, sans alt\u00e9rer l\u2019esth\u00e9tique urbaine.<\/li>\n<\/ul>\n<p class=\"fig-paragraph\">\u00ab Apr\u00e8s r\u00e9novation, sur un immeuble haussmannien classique, on observe jusqu\u2019\u00e0 40 % de r\u00e9duction de consommation \u00e9nerg\u00e9tique et des temp\u00e9ratures int\u00e9rieures stabilis\u00e9es autour de 20 \u00b0C l\u2019hiver et 25 \u00b0C l\u2019\u00e9t\u00e9\u00a0\u00bb, pr\u00e9cise l\u2019ing\u00e9nieur.<\/p>\n<p class=\"fig-paragraph\">Ces solutions ne se contentent pas de pr\u00e9server le patrimoine\u00a0: elles le transforment en levier actif de performance \u00e9nerg\u00e9tique, de durabilit\u00e9 urbaine et de valorisation immobili\u00e8re.<\/p>\n<p class=\"fig-paragraph\">\u00ab Imaginez si la r\u00e9novation thermique des toits de Paris devenait une r\u00e9f\u00e9rence technique duplicable partout en France \u2014 et m\u00eame \u00e0 l\u2019international\u00a0!\u00a0\u00bb, s\u2019enthousiasme Artemio Martin.<\/p>\n<p>Une ing\u00e9nierie multi-sectorielle\u00a0: patrimoine, industrie, logement et tertiaire<\/p>\n<p class=\"fig-paragraph\">\u00c0 chaque projet, la d\u00e9marche de Primavera Design reste constante\u00a0: concilier efficacit\u00e9 \u00e9nerg\u00e9tique, confort des usagers et respect des contraintes architecturales.<\/p>\n<p class=\"fig-paragraph\">Le bureau d\u2019\u00e9tudes est d\u00e9j\u00e0 intervenu sur une grande vari\u00e9t\u00e9 de r\u00e9alisations\u00a0:<\/p>\n<ul class=\"fig-list\">\n<li>Des <strong>ch\u00e2teaux viticoles <\/strong>\u00e0 Bordeaux<\/li>\n<li>Des <strong>villas de luxe pour particuliers<\/strong> dans le sud de la France<\/li>\n<li>Des <strong>bureaux haut de gamme<\/strong> \u00e0 Paris<\/li>\n<li>Des<strong> \u00e9coles bioclimatiques<\/strong> et autres lieux publics en transition<\/li>\n<li>Des <strong>commerces en mutation<\/strong><\/li>\n<li>Des <strong>sites industriels<\/strong> en qu\u00eate de sobri\u00e9t\u00e9 \u00e9nerg\u00e9tique<\/li>\n<\/ul>\n<p>Un accompagnement sur mesure de la conception \u00e0 l\u2019ex\u00e9cution<\/p>\n<p class=\"fig-paragraph\">Chaque projet est pens\u00e9 d\u00e8s l\u2019origine, avec une vision r\u00e9aliste \u00e0 court terme et durable sur le long terme.<\/p>\n<p class=\"fig-paragraph\">Les missions de Primavera Design couvrent notamment\u00a0:<\/p>\n<ul class=\"fig-list\">\n<li>Audits \u00e9nerg\u00e9tiques et diagnostics techniques<\/li>\n<li>Conception et dimensionnement des installations (\u00e9lectricit\u00e9, ventilation, plomberie)<\/li>\n<li>Attestations r\u00e9glementaires (RE2020, permis de construire, etc.)<\/li>\n<li>Sc\u00e9narios de r\u00e9novation chiffr\u00e9s, avec estimation des gains et retour sur investissement<\/li>\n<li>Int\u00e9gration d\u2019\u00e9nergies renouvelables et accompagnement \u00e0 la transition \u00e9nerg\u00e9tique<\/li>\n<\/ul>\n<p class=\"fig-paragraph\">\u00ab Nous apportons une vision claire, des mod\u00e8les de simulation fiables, des sc\u00e9narios r\u00e9alistes et des donn\u00e9es chiffr\u00e9es\u00a0\u00bb, d\u00e9taille Artemio Martin. \u00ab Cela offre aux investisseurs une lecture pr\u00e9cise de la position actuelle de leur b\u00e2timent, des travaux \u00e0 envisager et de sa valorisation future.\u00a0\u00bb<\/p>\n<p>Anticiper un cadre r\u00e9glementaire toujours plus strict<\/p>\n<p class=\"fig-paragraph\">RE2020, d\u00e9cret tertiaire, BACS, ombri\u00e8res photovolta\u00efques\u2026 les r\u00e9glementations se multiplient. Pour Primavera Design, la tendance est irr\u00e9versible\u00a0: les seuils vont se resserrer, les contr\u00f4les s\u2019intensifier, et les b\u00e2timents qui n\u2019auront pas anticip\u00e9 perdront en valeur et en attractivit\u00e9.<\/p>\n<p class=\"fig-paragraph\">Face \u00e0 ce constat, l\u2019ing\u00e9nieur d\u00e9fend une posture proactive\u00a0: ne pas seulement suivre les normes, mais les devancer avec une vision durable et ambitieuse, qui exploite pleinement le potentiel de chaque b\u00e2timent.<\/p>\n<p class=\"fig-paragraph\">\u00ab Anticiper aujourd\u2019hui, c\u2019est cr\u00e9er de la valeur demain\u00a0\u00bb, affirme Artemio Martin. \u00ab La mise en conformit\u00e9 n\u2019est pas qu\u2019un co\u00fbt\u00a0: c\u2019est une opportunit\u00e9 d\u2019am\u00e9liorer le confort, de r\u00e9duire les charges et de renforcer la durabilit\u00e9.\u00a0\u00bb<\/p>\n<p>Un mod\u00e8le hybride conciliant modernit\u00e9 et proximit\u00e9<\/p>\n<p class=\"fig-paragraph\">Pr\u00e9sent \u00e0 Paris, Nice et Tenerife, Primavera Design a fait du mod\u00e8le hybride une force.<\/p>\n<ul class=\"fig-list\">\n<li><strong>Phases cl\u00e9s et visites de chantier\u00a0: <\/strong>sur place, pour garantir pr\u00e9cision et proximit\u00e9.<\/li>\n<li><strong>Suivi quotidien\u00a0: <\/strong>\u00e0 distance, pour plus de r\u00e9activit\u00e9, de sobri\u00e9t\u00e9 et d\u2019agilit\u00e9.<\/li>\n<\/ul>\n<p class=\"fig-paragraph\">Ce fonctionnement permet de piloter des projets sur plusieurs territoires tout en cultivant une relation de proximit\u00e9 et de confiance avec chaque client.<\/p>\n<p class=\"fig-paragraph\">\u00ab La confiance se construit dans le temps\u00a0\u00bb, souligne Artemio Martin. \u00ab Elle repose sur la qualit\u00e9 du travail bien s\u00fbr, mais surtout sur l\u2019\u00e9coute, l\u2019engagement et la r\u00e9activit\u00e9.\u00a0\u00bb<\/p>\n<p>Une ingenierie technique tourn\u00e9e vers l\u2019humain<\/p>\n<p class=\"fig-paragraph\">Chez Primavera Design, l\u2019ing\u00e9nierie du b\u00e2timent repose sur une double exigence\u00a0: performance technique et valeur humaine.<br \/>La performance, parce que l\u2019efficacit\u00e9 \u00e9nerg\u00e9tique, la conformit\u00e9 et la durabilit\u00e9 sont d\u00e9sormais incontournables.<br \/>La dimension humaine, parce qu\u2019un b\u00e2timent ne se r\u00e9sume pas \u00e0 sa structure \u2014 il doit servir ceux qui y vivent et y travaillent.<\/p>\n<p class=\"fig-paragraph\">\u00ab Une ing\u00e9nierie performante, c\u2019est celle qu\u2019on ne remarque pas. Elle se fond dans l\u2019usage, sublime le confort et renforce la valeur sans jamais s\u2019imposer. C\u2019est quand l\u2019ing\u00e9nierie sert l\u2019exp\u00e9rience que le b\u00e2timent devient vivant\u00a0\u00bb, conclut Artemio Martin.<\/p>\n<p class=\"fig-paragraph\">Fondateur Primavera Design: Artemio Martin Mendez<br \/>E-mail:\u00a0artemio@primavera-design.com<br \/>Linkedin:\u00a0<a href=\"https:\/\/www.linkedin.com\/company\/primavera-design\/posts\/?feedView=all\" target=\"_blank\" rel=\"sponsored noopener\" data-gtm-custom-categorie=\"navigation\" data-gtm-custom-action=\"crossclick\" data-gtm-custom-label=\"Contextuel\" data-gtm-event=\"customEventSPE\">Primavera Design<\/a><\/p>\n","protected":false},"excerpt":{"rendered":"Primavera Design met l\u2019ing\u00e9nierie au service de l\u2019architecture pour cr\u00e9er des lieux qui se vivent, se ressentent et&hellip;\n","protected":false},"author":2,"featured_media":456012,"comment_status":"","ping_status":"","sticky":false,"template":"","format":"standard","meta":{"footnotes":""},"categories":[1358],"tags":[631,630,4416,4417,1348,1384,1385,1117,340,398,343,130,634,405,1386,636,58,33,341,59,313,632,638,1011,27,1116,342,637,399],"class_list":{"0":"post-456011","1":"post","2":"type-post","3":"status-publish","4":"format-standard","5":"has-post-thumbnail","7":"category-arts-et-design","8":"tag-action","9":"tag-actualite-bourse","10":"tag-analyse-graphique","11":"tag-analyse-technique","12":"tag-arts","13":"tag-arts-and-design","14":"tag-arts-et-design","15":"tag-assurance","16":"tag-bourse","17":"tag-bourse-de-paris","18":"tag-cac-40","19":"tag-consommation","20":"tag-cotation","21":"tag-cotations","22":"tag-design","23":"tag-devises","24":"tag-divertissement","25":"tag-economie","26":"tag-emploi","27":"tag-entertainment","28":"tag-entreprises","29":"tag-fcp","30":"tag-figaro","31":"tag-fr","32":"tag-france","33":"tag-immobilier","34":"tag-impots","35":"tag-indices","36":"tag-investissement"},"share_on_mastodon":{"url":"https:\/\/pubeurope.com\/@fr\/115357833167444763","error":""},"_links":{"self":[{"href":"https:\/\/www.europesays.com\/fr\/wp-json\/wp\/v2\/posts\/456011","targetHints":{"allow":["GET"]}}],"collection":[{"href":"https:\/\/www.europesays.com\/fr\/wp-json\/wp\/v2\/posts"}],"about":[{"href":"https:\/\/www.europesays.com\/fr\/wp-json\/wp\/v2\/types\/post"}],"author":[{"embeddable":true,"href":"https:\/\/www.europesays.com\/fr\/wp-json\/wp\/v2\/users\/2"}],"replies":[{"embeddable":true,"href":"https:\/\/www.europesays.com\/fr\/wp-json\/wp\/v2\/comments?post=456011"}],"version-history":[{"count":0,"href":"https:\/\/www.europesays.com\/fr\/wp-json\/wp\/v2\/posts\/456011\/revisions"}],"wp:featuredmedia":[{"embeddable":true,"href":"https:\/\/www.europesays.com\/fr\/wp-json\/wp\/v2\/media\/456012"}],"wp:attachment":[{"href":"https:\/\/www.europesays.com\/fr\/wp-json\/wp\/v2\/media?parent=456011"}],"wp:term":[{"taxonomy":"category","embeddable":true,"href":"https:\/\/www.europesays.com\/fr\/wp-json\/wp\/v2\/categories?post=456011"},{"taxonomy":"post_tag","embeddable":true,"href":"https:\/\/www.europesays.com\/fr\/wp-json\/wp\/v2\/tags?post=456011"}],"curies":[{"name":"wp","href":"https:\/\/api.w.org\/{rel}","templated":true}]}}