{"id":456013,"date":"2025-10-11T22:13:13","date_gmt":"2025-10-11T22:13:13","guid":{"rendered":"https:\/\/www.europesays.com\/fr\/456013\/"},"modified":"2025-10-11T22:13:13","modified_gmt":"2025-10-11T22:13:13","slug":"maryline-batot-publie-son-troisieme-livre","status":"publish","type":"post","link":"https:\/\/www.europesays.com\/fr\/456013\/","title":{"rendered":"Maryline Batot publie son troisi\u00e8me livre"},"content":{"rendered":"<p>Maryline Batot, institutrice \u00e0 la retraite, est f\u00e9rue d\u2019histoire et consacre ses journ\u00e9es \u00e0 de nombreuses recherches, auxquelles les habitants sont fiers et heureux de contribuer, en apportant leurs t\u00e9moignages et surtout d\u2019innombrables photos de l\u2019\u00e9poque. Ces travaux s\u2019appuient \u00e9galement sur de multiples recherches, que ce soit aux archives d\u00e9partementales \u00e0 \u00c9pinal ou dans celles de la commune de Saint-L\u00e9onard.<\/p>\n<p>Les r\u00e9seaux routiers de Saint-L\u00e9onard et de la Haute-Meurthe<\/p>\n<p>Apr\u00e8s avoir publi\u00e9 Travail forc\u00e9 et Les&#8230;<\/p>\n","protected":false},"excerpt":{"rendered":"Maryline Batot, institutrice \u00e0 la retraite, est f\u00e9rue d\u2019histoire et consacre ses journ\u00e9es \u00e0 de nombreuses recherches, auxquelles&hellip;\n","protected":false},"author":2,"featured_media":456014,"comment_status":"","ping_status":"","sticky":false,"template":"","format":"standard","meta":{"footnotes":""},"categories":[1357],"tags":[1379,40556,58,1799,59,1011,27,1380,58129,104,1631],"class_list":{"0":"post-456013","1":"post","2":"type-post","3":"status-publish","4":"format-standard","5":"has-post-thumbnail","7":"category-livres","8":"tag-books","9":"tag-ca-de-saint-die-des-vosges-88b1","10":"tag-divertissement","11":"tag-edition-saint-die","12":"tag-entertainment","13":"tag-fr","14":"tag-france","15":"tag-livres","16":"tag-saint-leonard","17":"tag-societe","18":"tag-vie-associative"},"share_on_mastodon":{"url":"https:\/\/pubeurope.com\/@fr\/115357837252228510","error":""},"_links":{"self":[{"href":"https:\/\/www.europesays.com\/fr\/wp-json\/wp\/v2\/posts\/456013","targetHints":{"allow":["GET"]}}],"collection":[{"href":"https:\/\/www.europesays.com\/fr\/wp-json\/wp\/v2\/posts"}],"about":[{"href":"https:\/\/www.europesays.com\/fr\/wp-json\/wp\/v2\/types\/post"}],"author":[{"embeddable":true,"href":"https:\/\/www.europesays.com\/fr\/wp-json\/wp\/v2\/users\/2"}],"replies":[{"embeddable":true,"href":"https:\/\/www.europesays.com\/fr\/wp-json\/wp\/v2\/comments?post=456013"}],"version-history":[{"count":0,"href":"https:\/\/www.europesays.com\/fr\/wp-json\/wp\/v2\/posts\/456013\/revisions"}],"wp:featuredmedia":[{"embeddable":true,"href":"https:\/\/www.europesays.com\/fr\/wp-json\/wp\/v2\/media\/456014"}],"wp:attachment":[{"href":"https:\/\/www.europesays.com\/fr\/wp-json\/wp\/v2\/media?parent=456013"}],"wp:term":[{"taxonomy":"category","embeddable":true,"href":"https:\/\/www.europesays.com\/fr\/wp-json\/wp\/v2\/categories?post=456013"},{"taxonomy":"post_tag","embeddable":true,"href":"https:\/\/www.europesays.com\/fr\/wp-json\/wp\/v2\/tags?post=456013"}],"curies":[{"name":"wp","href":"https:\/\/api.w.org\/{rel}","templated":true}]}}