{"id":456024,"date":"2025-10-11T22:19:15","date_gmt":"2025-10-11T22:19:15","guid":{"rendered":"https:\/\/www.europesays.com\/fr\/456024\/"},"modified":"2025-10-11T22:19:15","modified_gmt":"2025-10-11T22:19:15","slug":"lio-revient-sur-la-reaction-choquante-de-sa-maison-de-disques-apres-avoir-affiche-sa-grossesse-a-la-television","status":"publish","type":"post","link":"https:\/\/www.europesays.com\/fr\/456024\/","title":{"rendered":"Lio revient sur la r\u00e9action choquante de sa maison de disques apr\u00e8s avoir affich\u00e9 sa grossesse \u00e0 la t\u00e9l\u00e9vision"},"content":{"rendered":"<p>Ic\u00f4ne de la musique et figure du f\u00e9minisme, Lio n\u2019a jamais eu<br \/>\npeur de bousculer les codes. La chanteuse a toujours eu des combats<br \/>\nassum\u00e9s avant tout le monde et des convictions fortes qu\u2019elle<br \/>\naffiche sur les plateaux t\u00e9l\u00e9vis\u00e9s.<\/p>\n<p>Dans le documentaire Lio, diffus\u00e9 ce 13 octobre sur France 4,<br \/>\nelle revient sur la r\u00e9action de sa maison de disque apr\u00e8s avoir<br \/>\nparticip\u00e9 \u00e0 une \u00e9mission alors qu\u2019elle \u00e9tait enceinte.<\/p>\n<p>Lio : cette apparition marquante \u00e0 la t\u00e9l\u00e9vision qui avait fait<br \/>\nr\u00e9agir<\/p>\n<p>Depuis ses d\u00e9buts, l\u2019interpr\u00e8te de Banana Split a su<br \/>\nimposer sa libert\u00e9 de ton et d\u2019attitude, quitte \u00e0 d\u00e9ranger. Qu\u2019il<br \/>\ns\u2019agisse de ses prises de position apr\u00e8s le f\u00e9minicide de <a href=\"https:\/\/www.mariefrance.fr\/news-people\/mort-marie-trintignant-lio-jamais-hantee-derniere-rencontre-ex-femme-bertrand-cantat-krisztina-rady-veux-enormement-1145875.html\" rel=\"nofollow noopener\" target=\"_blank\"><br \/>\nMarie Trintignant<\/a> en 2003, ou de ses actions seins nus aux<br \/>\nc\u00f4t\u00e9s des Femen, la chanteuse s\u2019est toujours tenue droite face aux<br \/>\ncritiques. Aujourd\u2019hui encore, \u00e0 63 ans, Lio continue d\u2019assumer<br \/>\nhaut et fort ses <strong>convictions<\/strong>, notamment sur les<br \/>\nplateaux t\u00e9l\u00e9vis\u00e9s.<\/p>\n<p>Dans le <strong>documentaire Lio<\/strong>, diffus\u00e9 le<br \/>\nlundi 13 octobre sur France 4 et disponible sur<br \/>\n<strong>France\u00b7tv<\/strong>, la chanteuse est revenue sur un \u00e9pisode<br \/>\nmarquant de sa carri\u00e8re, qui la choque encore presque quarante ans<br \/>\nplus tard. En septembre 1987, Lio affiche sa grossesse \u00e0 la<br \/>\nt\u00e9l\u00e9vision, alors qu\u2019elle \u00e9tait invit\u00e9e par <strong>Antoine de<br \/>\nCaunes<\/strong> sur TF1. Elle \u00e9tait \u00e0 l\u2019\u00e9poque<br \/>\n<strong>enceinte<\/strong> de son premier enfant et s\u2019\u00e9tait d\u00e9j\u00e0<br \/>\nconfi\u00e9 sur le comportement de certains hommes ce jour-l\u00e0. Lio avait<br \/>\nexpliqu\u00e9 qu\u2019Antoine de Caunes avait \u00ab\u00a0fait une dr\u00f4le de<br \/>\nt\u00eate\u00a0\u00bb en d\u00e9couvrant son ventre rond. Le pr\u00e9sentateur <a href=\"https:\/\/www.mariefrance.fr\/news-people\/patrick-poivre-darvor-a-disparu-des-radars-ses-voisins-temoignent-ca-fait-longtemps-quon-1205953.html\" rel=\"nofollow noopener\" target=\"_blank\"><br \/>\nPatrick Poivre d\u2019Arvor<\/a> lui aurait confi\u00e9 avoir eu<br \/>\n\u00ab\u00a0<strong>envie de vomir<\/strong>\u00a0\u00bb en la voyant dans les<br \/>\ncoulisses.<\/p>\n<p><img loading=\"lazy\" decoding=\"async\" aria-describedby=\"caption-attachment-1148825\" itemprop=\"thumbnailUrl\" class=\"size-full wp-image-1148825 img-responsive\" src=\"https:\/\/www.europesays.com\/fr\/wp-content\/uploads\/2025\/10\/copie-de-sans-titre-1280-x-720-px-2025-04-09t190943.305.jpg\" alt=\"Lio\" width=\"1280\" height=\"720\"\/> \u00a9 France 5<\/p>\n<p id=\"caption-attachment-1148825\" class=\"wp-caption-text\">Lio<br \/>\nrevient sur un moment choquant de sa carri\u00e8re<\/p>\n<p>Lio : ce jour o\u00f9 elle a failli \u00eatre vir\u00e9e par sa maison de<br \/>\ndisque<\/p>\n<p>Malgr\u00e9 ces r\u00e9actions d\u00e9plac\u00e9es, la chanteuse avait gard\u00e9 le<br \/>\nsourire et r\u00e9pondu \u00e0 la question d\u2019Antoine de Caunes sur le pr\u00e9nom<br \/>\nde son futur enfant. Ce dernier s\u2019appellerait<br \/>\n<strong>Corto<\/strong> si c\u2019\u00e9tait un gar\u00e7on, ou<br \/>\n<strong>Nubia<\/strong> si c\u2019\u00e9tait une fille. Mais cette apparition<br \/>\nt\u00e9l\u00e9vis\u00e9e a eu de lourdes cons\u00e9quences professionnelles.<br \/>\n\u00ab\u00a0J\u2019avais pris 26 kilos, mais \u00e7a allait tr\u00e8s bien, moi, dans ma<br \/>\nt\u00eate\u00a0\u00bb, raconte-t-elle dans le documentaire. Le lendemain, sa<br \/>\nmaison de disques a d\u00e9barqu\u00e9 pour lui faire la le\u00e7on. \u00ab\u00a0Ma<br \/>\nmaison de disques est venue en d\u00e9l\u00e9gation. Chef de la promo,<br \/>\ndirecteur g\u00e9n\u00e9ral, et chef du marketing, pour m\u2019expliquer que<br \/>\n<strong>j\u2019avais fait une \u00e9norme b\u00eatise \u00e0 me montrer comme \u00e7a, et<br \/>\nque plus jamais personne n\u2019ach\u00e8terait un disque de<br \/>\nLio\u00a0\u00bb<\/strong>\u00a0a-t-elle assur\u00e9.<\/p>\n<p>Des propos choquants, auxquels elle refuse encore aujourd\u2019hui de<br \/>\ndonner du cr\u00e9dit. \u00ab\u00a0Je ne les ai pas crus<strong>. Je trouvais<br \/>\nqu\u2019ils \u00e9taient b\u00eates<\/strong>\u00ab\u00a0, a-t-elle lanc\u00e9 avec franchise.<br \/>\nFinalement, Lio avait re\u00e7u une vague de soutien apr\u00e8s ce passage<br \/>\ndans l\u2019\u00e9mission : \u00ab\u00a0Une semaine apr\u00e8s, ce sont des sacs de jute<br \/>\nde courriers de femmes, qui me soutenaient, qui me disaient<br \/>\n\u2018<strong>Merci\u2019\u00a0\u00bb<\/strong>, a-t-elle confi\u00e9, les larmes aux<br \/>\nyeux.<\/p>\n<blockquote class=\"twitter-tweet\"><p><a class=\"twitter-link\" rel=\"noindex, nofollow noopener\" href=\"https:\/\/twitter.com\/FranceTV\/status\/1977026406887399630\" target=\"_blank\"><\/p><\/blockquote>\n<p>Lio en deuil, son plus jeune fils s\u2019est<br \/>\n\u00f4t\u00e9 la vie<\/p>\n<p>Lio a eu <strong>six enfants<\/strong> : Nubia (38 ans), Igor (32<br \/>\nans), Esmeralda (30 ans), les jumelles <strong>Garance<\/strong> et<br \/>\n<strong>L\u00e9a<\/strong> (26 ans), et <a href=\"https:\/\/www.mariefrance.fr\/news-people\/lio-folle-rage-lange-fils-diego-mort-cause-moment-terrible-engueule-1204716.html\" rel=\"nofollow noopener\" target=\"_blank\"><br \/>\nDiego<\/a> (21 ans). Ce dernier, n\u00e9 en 2003 de sojn union avec<br \/>\nJean-Pierre Bellay, a tragiquement perdu la vie le 2 mars 2025. Le<br \/>\njeune homme a \u00e9t\u00e9 retrouv\u00e9 mort calcin\u00e9 pr\u00e8s de l\u2019a\u00e9roport de<br \/>\nRoissy-Charles-de-Gaulle. Un drame qui a plong\u00e9 la chanteuse dans<br \/>\nun profond chagrin.<\/p>\n<p>Malgr\u00e9 cette douloureuse \u00e9preuve, Lio continue de porter haut la<br \/>\nvoix des femmes. Pour la chanteuse, comme pour tant d\u2019autres<br \/>\nfemmes, la libert\u00e9 n\u2019a jamais \u00e9t\u00e9 n\u00e9gociable.<\/p>\n<p><script async src=\"https:\/\/platform.twitter.com\/widgets.js\" charset=\"utf-8\"><\/script><\/p>\n","protected":false},"excerpt":{"rendered":"Ic\u00f4ne de la musique et figure du f\u00e9minisme, Lio n\u2019a jamais eu peur de bousculer les codes. La&hellip;\n","protected":false},"author":2,"featured_media":456025,"comment_status":"","ping_status":"","sticky":false,"template":"","format":"standard","meta":{"footnotes":""},"categories":[8],"tags":[58,59,1011,27],"class_list":{"0":"post-456024","1":"post","2":"type-post","3":"status-publish","4":"format-standard","5":"has-post-thumbnail","7":"category-divertissement","8":"tag-divertissement","9":"tag-entertainment","10":"tag-fr","11":"tag-france"},"share_on_mastodon":{"url":"https:\/\/pubeurope.com\/@fr\/115357861081857606","error":""},"_links":{"self":[{"href":"https:\/\/www.europesays.com\/fr\/wp-json\/wp\/v2\/posts\/456024","targetHints":{"allow":["GET"]}}],"collection":[{"href":"https:\/\/www.europesays.com\/fr\/wp-json\/wp\/v2\/posts"}],"about":[{"href":"https:\/\/www.europesays.com\/fr\/wp-json\/wp\/v2\/types\/post"}],"author":[{"embeddable":true,"href":"https:\/\/www.europesays.com\/fr\/wp-json\/wp\/v2\/users\/2"}],"replies":[{"embeddable":true,"href":"https:\/\/www.europesays.com\/fr\/wp-json\/wp\/v2\/comments?post=456024"}],"version-history":[{"count":0,"href":"https:\/\/www.europesays.com\/fr\/wp-json\/wp\/v2\/posts\/456024\/revisions"}],"wp:featuredmedia":[{"embeddable":true,"href":"https:\/\/www.europesays.com\/fr\/wp-json\/wp\/v2\/media\/456025"}],"wp:attachment":[{"href":"https:\/\/www.europesays.com\/fr\/wp-json\/wp\/v2\/media?parent=456024"}],"wp:term":[{"taxonomy":"category","embeddable":true,"href":"https:\/\/www.europesays.com\/fr\/wp-json\/wp\/v2\/categories?post=456024"},{"taxonomy":"post_tag","embeddable":true,"href":"https:\/\/www.europesays.com\/fr\/wp-json\/wp\/v2\/tags?post=456024"}],"curies":[{"name":"wp","href":"https:\/\/api.w.org\/{rel}","templated":true}]}}