{"id":456028,"date":"2025-10-11T22:21:13","date_gmt":"2025-10-11T22:21:13","guid":{"rendered":"https:\/\/www.europesays.com\/fr\/456028\/"},"modified":"2025-10-11T22:21:13","modified_gmt":"2025-10-11T22:21:13","slug":"masque-pour-les-yeux-boules-quies-dentifrice-a-croquer-on-a-voyage-a-bord-du-train-de-nuit-paris-lourdes","status":"publish","type":"post","link":"https:\/\/www.europesays.com\/fr\/456028\/","title":{"rendered":"\u00ab\u00a0Masque pour les yeux, boules Qui\u00e8s, dentifrice \u00e0 croquer\u00a0\u00bb\u00a0: on a voyag\u00e9 \u00e0 bord du train de nuit Paris-Lourdes"},"content":{"rendered":"<p class=\"paragraph text_align_left lp-f-body-02\">\u00d4 rage, \u00f4 d\u00e9sespoir, car le wagon-lit a <a href=\"https:\/\/www.leparisien.fr\/economie\/les-trains-de-nuit-reviennent-peu-a-peu-09-12-2023-5YUI6XEZGFHRRDTFZHKKXMTUYI.php\" target=\"_self\" rel=\"nofollow noopener\">ses f\u00e9roces d\u00e9fenseurs,<\/a> au premier rang desquels le collectif \u00ab Oui au train de nuit ! \u00bb. Nous sommes mont\u00e9s \u00e0 bord du Paris-Lourdes (Hautes-Pyr\u00e9n\u00e9es), arr\u00eat\u00e9 en 2017 et relanc\u00e9 en 2021, afin de vivre l\u2019exp\u00e9rience au sein de ces wagons si co\u00fbteux pour la SNCF, mais si pr\u00e9cieux au c\u0153ur de certains voyageurs. Un p\u00e8lerinage ferroviaire pour rejoindre le pays de <a href=\"https:\/\/www.leparisien.fr\/hautes-pyrenees-65\/reliques-bernadette-soubirous-la-tournee-internationale-05-09-2022-DIVNW5ANF5DT7APMVHUO6APESQ.php\" target=\"_self\" rel=\"nofollow noopener\">Bernadette Soubirous<\/a>.<\/p>\n","protected":false},"excerpt":{"rendered":"\u00d4 rage, \u00f4 d\u00e9sespoir, car le wagon-lit a ses f\u00e9roces d\u00e9fenseurs, au premier rang desquels le collectif \u00ab&hellip;\n","protected":false},"author":2,"featured_media":456029,"comment_status":"","ping_status":"","sticky":false,"template":"","format":"standard","meta":{"footnotes":""},"categories":[6],"tags":[35,459,33,34,1011,27],"class_list":{"0":"post-456028","1":"post","2":"type-post","3":"status-publish","4":"format-standard","5":"has-post-thumbnail","7":"category-economie","8":"tag-business","9":"tag-departements-horsidfo","10":"tag-economie","11":"tag-economy","12":"tag-fr","13":"tag-france"},"share_on_mastodon":{"url":"https:\/\/pubeurope.com\/@fr\/115357868790893133","error":""},"_links":{"self":[{"href":"https:\/\/www.europesays.com\/fr\/wp-json\/wp\/v2\/posts\/456028","targetHints":{"allow":["GET"]}}],"collection":[{"href":"https:\/\/www.europesays.com\/fr\/wp-json\/wp\/v2\/posts"}],"about":[{"href":"https:\/\/www.europesays.com\/fr\/wp-json\/wp\/v2\/types\/post"}],"author":[{"embeddable":true,"href":"https:\/\/www.europesays.com\/fr\/wp-json\/wp\/v2\/users\/2"}],"replies":[{"embeddable":true,"href":"https:\/\/www.europesays.com\/fr\/wp-json\/wp\/v2\/comments?post=456028"}],"version-history":[{"count":0,"href":"https:\/\/www.europesays.com\/fr\/wp-json\/wp\/v2\/posts\/456028\/revisions"}],"wp:featuredmedia":[{"embeddable":true,"href":"https:\/\/www.europesays.com\/fr\/wp-json\/wp\/v2\/media\/456029"}],"wp:attachment":[{"href":"https:\/\/www.europesays.com\/fr\/wp-json\/wp\/v2\/media?parent=456028"}],"wp:term":[{"taxonomy":"category","embeddable":true,"href":"https:\/\/www.europesays.com\/fr\/wp-json\/wp\/v2\/categories?post=456028"},{"taxonomy":"post_tag","embeddable":true,"href":"https:\/\/www.europesays.com\/fr\/wp-json\/wp\/v2\/tags?post=456028"}],"curies":[{"name":"wp","href":"https:\/\/api.w.org\/{rel}","templated":true}]}}