{"id":456030,"date":"2025-10-11T22:22:13","date_gmt":"2025-10-11T22:22:13","guid":{"rendered":"https:\/\/www.europesays.com\/fr\/456030\/"},"modified":"2025-10-11T22:22:13","modified_gmt":"2025-10-11T22:22:13","slug":"retour-dans-les-ruines-a-gaza-le-hamas-pret-a-commencer-a-liberer-les-otages-lundi-actualites","status":"publish","type":"post","link":"https:\/\/www.europesays.com\/fr\/456030\/","title":{"rendered":"Retour dans les ruines \u00e0 Gaza, le Hamas pr\u00eat \u00e0 commencer \u00e0 lib\u00e9rer les otages lundi : Actualit\u00e9s"},"content":{"rendered":"<p class=\"lead \">Des centaines de milliers de Palestiniens sont rentr\u00e9s samedi dans le nord d\u00e9vast\u00e9 de la bande de Gaza, le Hamas annon\u00e7ant qu&rsquo;il commencerait \u00e0 lib\u00e9rer les otages isra\u00e9liens d\u00e8s lundi matin, conform\u00e9ment \u00e0 la premi\u00e8re phase du plan de paix.<\/p>\n<p class=\"lead \">Alors que l&rsquo;Egypte a confirm\u00e9 la tenue lundi apr\u00e8s-midi du \u00ab\u00a0Sommet de la paix de Charm el-Cheikh\u00a0\u00bb, copr\u00e9sid\u00e9 par les pr\u00e9sidents am\u00e9ricain et \u00e9gyptien Donald Trump et Abdel Fattah al-Sissi et en pr\u00e9sence de dirigeants de plus de 20 pays, un cadre du Hamas a mis en garde dans un entretien \u00e0 l&rsquo;AFP contre des n\u00e9gociations \u00ab\u00a0difficiles\u00a0\u00bb pour la prochaine phase du plan Trump.      <\/p>\n<p class=\"lead \">Hossam Badran, membre du bureau politique du Hamas, a notamment d\u00e9clar\u00e9 qu&rsquo;il \u00e9tait \u00ab\u00a0hors de question\u00a0\u00bb que le mouvement islamiste accepte de d\u00e9sarmer.  <\/p>\n<p class=\"lead \">Avant cette phase de d\u00e9sarmement, l&rsquo;accord pr\u00e9voit la lib\u00e9ration d&rsquo;ici lundi 9H00 GMT des derniers otages retenus \u00e0 Gaza et de centaines de prisonniers palestiniens \u00e9crou\u00e9s en Isra\u00ebl. <\/p>\n<p class=\"lead \">\u00ab\u00a0Conform\u00e9ment \u00e0 l&rsquo;accord sign\u00e9, l&rsquo;\u00e9change de prisonniers devrait d\u00e9buter lundi matin comme convenu, et il n&rsquo;y a aucun nouveau d\u00e9veloppement \u00e0 ce sujet\u00a0\u00bb, a d\u00e9clar\u00e9 \u00e0 l&rsquo;AFP Oussama Hamdane, un haut responsable du Hamas.<\/p>\n<p class=\"lead \"> Samedi, les autorit\u00e9s isra\u00e9liennes ont indiqu\u00e9 rassembler dans deux prisons les d\u00e9tenus devant \u00eatre lib\u00e9r\u00e9s contre les 48 otages dont tout Isra\u00ebl se pr\u00e9pare au retour. <\/p>\n<p class=\"lead \">\u00ab\u00a0Nous continuerons \u00e0 crier et \u00e0 nous battre jusqu&rsquo;\u00e0 ce que tout le monde soit rentr\u00e9 \u00e0 la maison\u00a0\u00bb, a d\u00e9clar\u00e9 samedi Einav Zangauker, une des figures de la mobilisation pour le retour des captifs lors d&rsquo;un rassemblement \u00e0 Tel-Aviv. Son fils, Matan Zangauker, 25 ans, fait partie des 20 captifs pr\u00e9sum\u00e9s encore en vie.<\/p>\n<p class=\"lead \">\u00ab\u00a0Vous rentrez \u00e0 la maison\u00a0\u00bb, a d\u00e9clar\u00e9 sur place l&rsquo;\u00e9missaire am\u00e9ricain Steve Witkoff qui s&rsquo;\u00e9tait rendu plus t\u00f4t en journ\u00e9e \u00e0 Gaza avec le gendre de Donald Trump, Jared Kushner et le chef de l&rsquo;arm\u00e9e isra\u00e9lienne Eyal Zamir.<\/p>\n<p class=\"lead \">&#8211; \u00ab\u00a0Destruction, destruction\u00a0\u00bb &#8211;<\/p>\n<p class=\"lead \">A Gaza, la D\u00e9fense civile, organisation de premiers secours op\u00e9rant sous l&rsquo;autorit\u00e9 du Hamas, a annonc\u00e9 samedi que plus de 500.000 personnes, d\u00e9plac\u00e9es par la guerre, \u00e9taient revenues dans le nord du territoire depuis l&rsquo;entr\u00e9e en vigueur du cessez-le-feu vendredi \u00e0 9H00 GMT.<\/p>\n<p class=\"lead \">Raja Salmi est ainsi parvenue, apr\u00e8s un \u00ab\u00a0voyage particuli\u00e8rement \u00e9puisant\u00a0\u00bb, \u00e0 revenir dans son quartier d&rsquo;al-Rimal, au coeur de la ville de Gaza, o\u00f9 les bombardements des derni\u00e8res semaines ont d\u00e9truit ce que l&rsquo;arm\u00e9e isra\u00e9lienne a pr\u00e9sent\u00e9 comme des zones cens\u00e9es abriter des milliers de combattants du Hamas.<\/p>\n<p class=\"lead \">Mais son appartement avait disparu: l&rsquo;immeuble \u00ab\u00a0n&rsquo;existe plus, c&rsquo;est juste un tas de d\u00e9combres\u00a0\u00bb.<\/p>\n<p class=\"lead \">\u00ab\u00a0J&rsquo;\u00e9tais debout devant (ces ruines) et je me suis mise \u00e0 pleurer, tous les souvenirs ont \u00e9t\u00e9 r\u00e9duits en poussi\u00e8re\u00a0\u00bb, a-t-elle racont\u00e9 \u00e0 l&rsquo;AFP.<\/p>\n<p class=\"lead \">\u00ab\u00a0Je ne sais pas quoi dire, ce que je vois est plus fort que tous les mots&#8230; Destruction, destruction, et encore destruction\u00a0\u00bb, a dit \u00e0 l&rsquo;AFP Saher Abu Al-Atta, un autre habitant de retour dans la ville, depuis les d\u00e9combres de l&rsquo;h\u00f4pital p\u00e9diatrique al-Rantissi.<\/p>\n<p class=\"lead \">A travers la bande de Gaza, des secouristes continuent de fouiller les d\u00e9combres \u00e0 la recherche de corps apr\u00e8s le repli des troupes isra\u00e9liennes derri\u00e8res les lignes convenues, \u00e0 l&rsquo;int\u00e9rieur du territoire, dans le cadre du cessez-le-feu.<\/p>\n<p class=\"lead \">L&rsquo;entr\u00e9e en vigueur du cessez-le-feu a d\u00e9clench\u00e9 une p\u00e9riode de 72 heures maximum pendant laquelle le Hamas doit remettre les 48 otages restants, vivants ou morts, qui avaient \u00e9t\u00e9 enlev\u00e9s en Isra\u00ebl lors de l&rsquo;attaque sans pr\u00e9c\u00e9dent du Hamas du 7 octobre 2023, qui a d\u00e9clench\u00e9 la guerre \u00e0 Gaza.<\/p>\n<p class=\"lead \">En \u00e9change, Isra\u00ebl doit lib\u00e9rer 250 \u00ab\u00a0d\u00e9tenus pour des raisons de s\u00e9curit\u00e9\u00a0\u00bb dont de nombreux condamn\u00e9s pour des attentats meurtriers anti-isra\u00e9liens, et 1.700 Palestiniens arr\u00eat\u00e9s par l&rsquo;arm\u00e9e isra\u00e9lienne dans la bande de Gaza depuis octobre 2023.<\/p>\n<p class=\"lead \">&#8211; Retour \u00e0 la guerre? &#8211;<\/p>\n<p class=\"lead \">Si Donald Trump s&rsquo;est dit confiant que le cessez-le-feu \u00ab\u00a0tiendra\u00a0\u00bb, apr\u00e8s les deux premiers qui n&rsquo;avaient pu \u00eatre p\u00e9rennis\u00e9s, Hossam Badran a mis en garde samedi contre des pourparlers \u00ab\u00a0difficiles\u00a0\u00bb pour la suite.<\/p>\n<p class=\"lead \">\u00ab\u00a0La deuxi\u00e8me phase des n\u00e9gociations n\u00e9cessite des discussions plus complexes et ne sera pas aussi facile que la premi\u00e8re phase\u00a0\u00bb, a d\u00e9clar\u00e9 \u00e0 l&rsquo;AFP M. Badran dont le mouvement n&rsquo;assistera pas \u00e0 la signature du cessez-le-feu attendue lundi en Egypte. <\/p>\n<p>                                                                                                 \u00ab\u00a0Nous esp\u00e9rons ne pas revenir (\u00e0 la guerre), mais le peuple palestinien et les forces de la r\u00e9sistance vont certainement (&#8230;) utiliser toutes leurs capacit\u00e9s pour repousser l&rsquo;agression si la bataille leur est impos\u00e9e\u00a0\u00bb, a-t-il ajout\u00e9.<\/p>\n<p class=\"lead \">\u00ab\u00a0La remise des armes propos\u00e9e est hors de question et n&rsquo;est pas n\u00e9gociable\u00a0\u00bb, a indiqu\u00e9 samedi \u00e0 l&rsquo;AFP un responsable du Hamas sous couvert de l&rsquo;anonymat.<\/p>\n<p class=\"lead \">Dans le cadre du plan Trump, un premier d\u00e9ploiement de 200 soldats am\u00e9ricains doit arriver en Isra\u00ebl pour contribuer \u00e0 la surveillance du cessez-le-feu \u00e0 Gaza. <\/p>\n<p class=\"lead \"><img decoding=\"async\" class=\"w-100\" src=\"https:\/\/www.europesays.com\/fr\/wp-content\/uploads\/2025\/10\/2275\/actu\/afp-news\/71046208-7086-4315-8775-f4d515b2a165-4.jpg\" alt=\"\"\/> Le nouveau chef du Commandement militaire am\u00e9ricain pour le Moyen-Orient (Centcom), Brad Cooper, qui s&rsquo;est rendu aussi samedi \u00e0 Gaza, a soutenu qu&rsquo;aucun soldat am\u00e9ricain ne serait d\u00e9ploy\u00e9 sur le territoire palestinien. <\/p>\n<p class=\"lead \">L&rsquo;arm\u00e9e am\u00e9ricaine doit plut\u00f4t coordonner une force op\u00e9rationnelle multinationale qui se d\u00e9ploiera, elle, \u00e0 Gaza. <\/p>\n","protected":false},"excerpt":{"rendered":"Des centaines de milliers de Palestiniens sont rentr\u00e9s samedi dans le nord d\u00e9vast\u00e9 de la bande de Gaza,&hellip;\n","protected":false},"author":2,"featured_media":456031,"comment_status":"","ping_status":"","sticky":false,"template":"","format":"standard","meta":{"footnotes":""},"categories":[5],"tags":[11,2120,1011,27,14,3819,12,7621,28],"class_list":{"0":"post-456030","1":"post","2":"type-post","3":"status-publish","4":"format-standard","5":"has-post-thumbnail","7":"category-international","8":"tag-actualites","9":"tag-conflit","10":"tag-fr","11":"tag-france","12":"tag-international","13":"tag-isral","14":"tag-news","15":"tag-palestiniens","16":"tag-world"},"share_on_mastodon":{"url":"https:\/\/pubeurope.com\/@fr\/115357872791556729","error":""},"_links":{"self":[{"href":"https:\/\/www.europesays.com\/fr\/wp-json\/wp\/v2\/posts\/456030","targetHints":{"allow":["GET"]}}],"collection":[{"href":"https:\/\/www.europesays.com\/fr\/wp-json\/wp\/v2\/posts"}],"about":[{"href":"https:\/\/www.europesays.com\/fr\/wp-json\/wp\/v2\/types\/post"}],"author":[{"embeddable":true,"href":"https:\/\/www.europesays.com\/fr\/wp-json\/wp\/v2\/users\/2"}],"replies":[{"embeddable":true,"href":"https:\/\/www.europesays.com\/fr\/wp-json\/wp\/v2\/comments?post=456030"}],"version-history":[{"count":0,"href":"https:\/\/www.europesays.com\/fr\/wp-json\/wp\/v2\/posts\/456030\/revisions"}],"wp:featuredmedia":[{"embeddable":true,"href":"https:\/\/www.europesays.com\/fr\/wp-json\/wp\/v2\/media\/456031"}],"wp:attachment":[{"href":"https:\/\/www.europesays.com\/fr\/wp-json\/wp\/v2\/media?parent=456030"}],"wp:term":[{"taxonomy":"category","embeddable":true,"href":"https:\/\/www.europesays.com\/fr\/wp-json\/wp\/v2\/categories?post=456030"},{"taxonomy":"post_tag","embeddable":true,"href":"https:\/\/www.europesays.com\/fr\/wp-json\/wp\/v2\/tags?post=456030"}],"curies":[{"name":"wp","href":"https:\/\/api.w.org\/{rel}","templated":true}]}}