{"id":456032,"date":"2025-10-11T22:23:11","date_gmt":"2025-10-11T22:23:11","guid":{"rendered":"https:\/\/www.europesays.com\/fr\/456032\/"},"modified":"2025-10-11T22:23:11","modified_gmt":"2025-10-11T22:23:11","slug":"jai-eu-assez-peur-reagit-estelle-denis","status":"publish","type":"post","link":"https:\/\/www.europesays.com\/fr\/456032\/","title":{"rendered":"\u00ab\u00a0J\u2019ai eu assez peur\u00a0\u00bb, r\u00e9agit Estelle Denis"},"content":{"rendered":"<p> \u00abDix minutes apr\u00e8s l\u2019avoir fait, je le regrettais d\u00e9j\u00e0\u00a0\u00bb. Le quinquag\u00e9naire qui a envoy\u00e9 d\u00e9but octobre trois <a href=\"https:\/\/www.20minutes.fr\/dossier\/colis_piege\" class=\"c-link c-link--is-underlined\" rel=\"nofollow noopener\" target=\"_blank\">colis pi\u00e9g\u00e9s<\/a> \u00e0 destination de personnalit\u00e9s, depuis une petite commune de <a href=\"https:\/\/www.20minutes.fr\/societe\/dordogne\/\" class=\"c-link c-link--is-underlined\" rel=\"nofollow noopener\" target=\"_blank\">Dordogne<\/a>, a \u00e9t\u00e9 condamn\u00e9 vendredi \u00e0 trois ans de prison, dont deux ferme.<\/p>\n<p>L\u2019affaire se termine donc sans heurt mais non sans peur, comme la expliqu\u00e9 Estelle Denis sur le plateau de C \u00e0 vous vendredi. La journaliste fait en effet partie, avec le d\u00e9put\u00e9 LFI <a href=\"https:\/\/www.20minutes.fr\/politique\/manuel-bompard\/\" class=\"c-link c-link--is-underlined\" rel=\"nofollow noopener\" target=\"_blank\">Manuel Bompard<\/a> et l\u2019<a href=\"https:\/\/www.20minutes.fr\/arts-stars\/people\/4177494-20251006-elodie-poux-reagit-humour-colis-pieges-envoyes-plusieurs-personnalites\" class=\"c-link c-link--is-underlined\" rel=\"nofollow noopener\" target=\"_blank\">humoriste \u00c9lodie Poux<\/a>, des trois personnes vis\u00e9es. \u00ab\u00a0Au d\u00e9but, j\u2019ai cru que c\u2019\u00e9tait un canular quand la police m\u2019a appel\u00e9e\u00a0\u00bb, a expliqu\u00e9 Estelle Denis. Mais la menace s\u2019est ensuite pr\u00e9cis\u00e9e\u00a0: \u00ab\u00a0J\u2019ai compris que c\u2019\u00e9tait s\u00e9rieux [\u2026] J\u2019ai eu assez peur pendant quelques jours\u00a0\u00bb, a-t-elle confi\u00e9.<\/p>\n<p>\u00ab\u00a0Mais qu\u2019est-ce que j\u2019ai fait\u00a0?\u00a0\u00bb<\/p>\n<p>Face \u00e0 une telle intention de nuire, la journaliste a confi\u00e9 son d\u00e9sarroi\u00a0: \u00ab\u00a0On se demande \u00a0\u00bb mais qu\u2019est-ce que j\u2019ai fait pour m\u00e9riter qu\u2019on m\u2019envoie un colis pi\u00e9g\u00e9\u00a0?\u00a0\u00bb\u00a0\u00bb.<\/p>\n<p>En l\u2019occurrence, ce sont d\u2019anciennes paroles tenues \u00e0 propos des <a href=\"https:\/\/www.20minutes.fr\/sante\/anti-vaccin\/\" class=\"c-link c-link--is-underlined\" rel=\"nofollow noopener\" target=\"_blank\">antivax<\/a> qui sont \u00e0 l\u2019origine de cet envoi de colis pi\u00e9g\u00e9, comme l\u2019a expliqu\u00e9 le coupable.<\/p>\n","protected":false},"excerpt":{"rendered":"\u00abDix minutes apr\u00e8s l\u2019avoir fait, je le regrettais d\u00e9j\u00e0\u00a0\u00bb. Le quinquag\u00e9naire qui a envoy\u00e9 d\u00e9but octobre trois colis&hellip;\n","protected":false},"author":2,"featured_media":456033,"comment_status":"","ping_status":"","sticky":false,"template":"","format":"standard","meta":{"footnotes":""},"categories":[4],"tags":[47,11,3177,30752,14817,118,1011,27,17852,12,2219,25],"class_list":{"0":"post-456032","1":"post","2":"type-post","3":"status-publish","4":"format-standard","5":"has-post-thumbnail","7":"category-france","8":"tag-actualite","9":"tag-actualites","10":"tag-aquitaine","11":"tag-colis-piege","12":"tag-dordogne","13":"tag-faits-divers","14":"tag-fr","15":"tag-france","16":"tag-manuel-bompard","17":"tag-news","18":"tag-nouvelle-aquitaine","19":"tag-republique-francaise"},"share_on_mastodon":{"url":"https:\/\/pubeurope.com\/@fr\/115357876629589913","error":""},"_links":{"self":[{"href":"https:\/\/www.europesays.com\/fr\/wp-json\/wp\/v2\/posts\/456032","targetHints":{"allow":["GET"]}}],"collection":[{"href":"https:\/\/www.europesays.com\/fr\/wp-json\/wp\/v2\/posts"}],"about":[{"href":"https:\/\/www.europesays.com\/fr\/wp-json\/wp\/v2\/types\/post"}],"author":[{"embeddable":true,"href":"https:\/\/www.europesays.com\/fr\/wp-json\/wp\/v2\/users\/2"}],"replies":[{"embeddable":true,"href":"https:\/\/www.europesays.com\/fr\/wp-json\/wp\/v2\/comments?post=456032"}],"version-history":[{"count":0,"href":"https:\/\/www.europesays.com\/fr\/wp-json\/wp\/v2\/posts\/456032\/revisions"}],"wp:featuredmedia":[{"embeddable":true,"href":"https:\/\/www.europesays.com\/fr\/wp-json\/wp\/v2\/media\/456033"}],"wp:attachment":[{"href":"https:\/\/www.europesays.com\/fr\/wp-json\/wp\/v2\/media?parent=456032"}],"wp:term":[{"taxonomy":"category","embeddable":true,"href":"https:\/\/www.europesays.com\/fr\/wp-json\/wp\/v2\/categories?post=456032"},{"taxonomy":"post_tag","embeddable":true,"href":"https:\/\/www.europesays.com\/fr\/wp-json\/wp\/v2\/tags?post=456032"}],"curies":[{"name":"wp","href":"https:\/\/api.w.org\/{rel}","templated":true}]}}