{"id":456046,"date":"2025-10-11T22:31:18","date_gmt":"2025-10-11T22:31:18","guid":{"rendered":"https:\/\/www.europesays.com\/fr\/456046\/"},"modified":"2025-10-11T22:31:18","modified_gmt":"2025-10-11T22:31:18","slug":"le-dessin-de-man-un-grand-bazar-peut-en-cacher-un-autre-le-dessin-de-la-semaine","status":"publish","type":"post","link":"https:\/\/www.europesays.com\/fr\/456046\/","title":{"rendered":"LE DESSIN DE MAN. Un grand bazar peut en cacher un autre, le dessin de la semaine"},"content":{"rendered":"<p>\n                                                                Man, dessinateur de presse, croque l\u2019actualit\u00e9 montpelli\u00e9raine chaque semaine dans Midi Libre. Ce dimanche, retrouvez son dessin sur le grand bazar dans les rues de Montpellier\u2026 et au sommet de l\u2019\u00c9tat\u00a0!\n                            <\/p>\n<p>Le grand bazar d\u2019automne, qui s\u2019est achev\u00e9 hier soir, a connu un \u00e9norme succ\u00e8s dans le c\u0153ur de Montpellier. Pendant quatre jours, les 300 \u00e9tals dress\u00e9s dans la rue par les commer\u00e7ants n\u2019ont pas d\u00e9sempli.<\/p>\n<p>De quoi leur mettre un peu de baume au c\u0153ur, dans un contexte difficile.<\/p>\n<p>La valse des ministres<\/p>\n<p>        <img decoding=\"async\" class=\"std-img__img responsive-img\" src=\"https:\/\/www.europesays.com\/fr\/wp-content\/uploads\/2025\/10\/1760221878_260_image.jpg\" alt=\"Le dessin de Man.\"\/><\/p>\n<p>                Le dessin de Man.<br \/>\n                                    ML &#8211; Man<\/p>\n<p>Il faut dire que le monde politique ne met gu\u00e8re du sien pour amener de la s\u00e9r\u00e9nit\u00e9 au monde \u00e9conomique.<\/p>\n<p>Comme en t\u00e9moigne la valse des (premiers) ministres\u2026<\/p>\n","protected":false},"excerpt":{"rendered":"Man, dessinateur de presse, croque l\u2019actualit\u00e9 montpelli\u00e9raine chaque semaine dans Midi Libre. Ce dimanche, retrouvez son dessin sur&hellip;\n","protected":false},"author":2,"featured_media":456047,"comment_status":"","ping_status":"","sticky":false,"template":"","format":"standard","meta":{"footnotes":""},"categories":[9599],"tags":[1111,11,1777,674,1011,27,2208,12,2680,25],"class_list":{"0":"post-456046","1":"post","2":"type-post","3":"status-publish","4":"format-standard","5":"has-post-thumbnail","7":"category-montpellier","8":"tag-actu","9":"tag-actualites","10":"tag-eu","11":"tag-europe","12":"tag-fr","13":"tag-france","14":"tag-montpellier","15":"tag-news","16":"tag-occitanie","17":"tag-republique-francaise"},"share_on_mastodon":{"url":"https:\/\/pubeurope.com\/@fr\/115357908406700324","error":""},"_links":{"self":[{"href":"https:\/\/www.europesays.com\/fr\/wp-json\/wp\/v2\/posts\/456046","targetHints":{"allow":["GET"]}}],"collection":[{"href":"https:\/\/www.europesays.com\/fr\/wp-json\/wp\/v2\/posts"}],"about":[{"href":"https:\/\/www.europesays.com\/fr\/wp-json\/wp\/v2\/types\/post"}],"author":[{"embeddable":true,"href":"https:\/\/www.europesays.com\/fr\/wp-json\/wp\/v2\/users\/2"}],"replies":[{"embeddable":true,"href":"https:\/\/www.europesays.com\/fr\/wp-json\/wp\/v2\/comments?post=456046"}],"version-history":[{"count":0,"href":"https:\/\/www.europesays.com\/fr\/wp-json\/wp\/v2\/posts\/456046\/revisions"}],"wp:featuredmedia":[{"embeddable":true,"href":"https:\/\/www.europesays.com\/fr\/wp-json\/wp\/v2\/media\/456047"}],"wp:attachment":[{"href":"https:\/\/www.europesays.com\/fr\/wp-json\/wp\/v2\/media?parent=456046"}],"wp:term":[{"taxonomy":"category","embeddable":true,"href":"https:\/\/www.europesays.com\/fr\/wp-json\/wp\/v2\/categories?post=456046"},{"taxonomy":"post_tag","embeddable":true,"href":"https:\/\/www.europesays.com\/fr\/wp-json\/wp\/v2\/tags?post=456046"}],"curies":[{"name":"wp","href":"https:\/\/api.w.org\/{rel}","templated":true}]}}