{"id":45605,"date":"2025-04-23T03:49:22","date_gmt":"2025-04-23T03:49:22","guid":{"rendered":"https:\/\/www.europesays.com\/fr\/45605\/"},"modified":"2025-04-23T03:49:22","modified_gmt":"2025-04-23T03:49:22","slug":"le-projet-de-metro-a-bordeaux-se-precise-2","status":"publish","type":"post","link":"https:\/\/www.europesays.com\/fr\/45605\/","title":{"rendered":"le projet de m\u00e9tro \u00e0 Bordeaux se pr\u00e9cise"},"content":{"rendered":"<p>Ce sera tr\u00e8s probablement l&rsquo;un des gros sujets des \u00e9lections municipales du printemps 2026 dans l&rsquo;agglom\u00e9ration bordelaise : faut-il se doter d&rsquo;une ligne de m\u00e9tro ? Et, surtout, peut-on financi\u00e8rement se le permettre ? Les r\u00e9ponses \u00e0 ces deux questions commencent \u00e0 trouver des r\u00e9ponses avec l&rsquo;avancement de <a href=\"https:\/\/objectifaquitaine.latribune.fr\/infrastructures\/2023-03-22\/les-contours-ambitieux-de-l-etude-sur-le-metro-a-bordeaux-metropole-956205.html\" target=\"_blank\" rel=\"noopener\">l&rsquo;\u00e9tude de faisabilit\u00e9 lanc\u00e9e par Bordeaux M\u00e9tropole en 2023<\/a> qui avait d\u00e9j\u00e0 identifi\u00e9, il y a un an, deux corridors pour accueillir cette ligne de m\u00e9tro automatique entre 2035 et 2040.<\/p>\n<p>157 000 voyageurs quotidiens<\/p>\n<p>R\u00e9unis en bureau le 17 avril dernier, les \u00e9lus m\u00e9tropolitains ont d\u00e9sormais retenu un unique trac\u00e9 et ont confirm\u00e9 la poursuite des travaux prospectifs sur le plan de la rentabilit\u00e9 socio-\u00e9conomique. Actant au passage qu&rsquo;il est techniquement possible de creuser un m\u00e9tro dans le sous-sol bordelais. Les \u00e9lus privil\u00e9gient une ligne unique d&rsquo;une vingtaine de kilom\u00e8tres qui serpente entre les deux rives de la m\u00e9tropole pour desservir une quinzaine de stations \u00e0 Bordeaux, Lormont, Cenon, Floirac, Talence et Pessac. Au programme : la rive droite, l&rsquo;Arkea Arena, <a href=\"https:\/\/objectifaquitaine.latribune.fr\/business\/2024-11-28\/bordeaux-euratlantique-un-immense-potentiel-solaire-a-exploiter-1011877.html\" target=\"_blank\" rel=\"noopener\">Bordeaux Euratlantique<\/a>, le quartier de la gare (via Belcier), la Cit\u00e9 administrative, le CHU de Pellegrin, la future gare de Talence, le campus et la gare de Pessac.<\/p>\n<p><a target=\"_blank\" href=\"https:\/\/static.latribune.fr\/2568820\/ligne-de-metro.jpg\" rel=\"noopener\"><img alt=\"Ligne de m\u00e9tro\" loading=\"lazy\" decoding=\"async\" data-nimg=\"fill\" class=\" TwicCore_img__i9TC1 undefined  undefined\" style=\"position:absolute;height:100%;width:100%;left:0;top:0;right:0;bottom:0;color:transparent;background-size:cover;background-position:50% 50%;background-repeat:no-repeat;background-image:url(&quot;data:image\/svg+xml;charset=utf-8,%3Csvg xmlns='http:\/\/www.w3.org\/2000\/svg' %3E%3Cfilter id='b' color-interpolation-filters='sRGB'%3E%3CfeGaussianBlur stdDeviation='20'\/%3E%3CfeColorMatrix values='1 0 0 0 0 0 1 0 0 0 0 0 1 0 0 0 0 0 100 -1' result='s'\/%3E%3CfeFlood x='0' y='0' width='100%25' height='100%25'\/%3E%3CfeComposite operator='out' in='s'\/%3E%3CfeComposite in2='SourceGraphic'\/%3E%3CfeGaussianBlur stdDeviation='20'\/%3E%3C\/filter%3E%3Cimage width='100%25' height='100%25' x='0' y='0' preserveAspectRatio='none' style='filter: url(%23b);' href='data:image\/png;base64,iVBORw0KGgoAAAANSUhEUgAAAT4AAAC2BAMAAACygvwCAAAAAXNSR0IArs4c6QAAACFQTFRF\/\/\/\/8\/f44+zwytrirMTUl7XIeqG5XIqqNW+XH16MD1KGr8SVvQAABu1JREFUeNrs0rtKA0EUxvFvNqu2Yxas13hrN1qonReCraJRLBVJYSWCsVcstBQEk1rR3ZfRB\/D2BCE+gJd8JKNrOkWypzi\/4uyZrf7sLJRSSimllFJKKaWUUkoppZRSWTODLRDBK5XKpbWud+uVlmVI4NfjenzZ\/S5pOZLRx5QYPwwldNGL28Nf5NszlNo3CTJS+0wE8oaF9uVCgKT2BWgrCO1zXb4V2WeKaPMikX1eiA6hfRYdIyL78uxrcAusxL4Cx6O7aXl98xwPTQDGSutzH+39+Z59RYF9vgXw8XLHvSCtzzU1mk98BAL7ihxvaPDhh+L6vGHO16moyeecuD4Tcg5VdmwvfkAfvxVYzkF3EvL9yh0WeaTlrYg+891X6L7tjPlJWmjOkh+2hPXxmHYkrG8goRrVuV0J65vlvFmkTa63wvp2Oa9BE1zjOVF9I2ec56C+hPay7quljdZoD5Q75X6MbHnltKBMEciUuK8iW7nDtDG3VBYsAJ9rdfzQOSgCWOK2hZYNbisc1ZDnaXf+Uo3+9\/+bTpzaiQX6ud3OJE493gZ2ue3jk10z9m0aiOLwM64yX0oJa2AglIn2KiqYUkBFMFEUKpGJIBFEJpIUhWYjBdV0bRxKdmLf\/ZXo3fniF3OZ2rss\/QbrnWQrn372u\/MlgazqTvH4GsevsOpJgnDkh8RV6mfY01ajgt\/Yv5\/s2fxiZskPRax+qUu\/lBX8tIg1P3niPz\/5xfhRWnl+Q+KXVP37ndv8Rvb8RMu\/38zqZ3n+kNj78yfTe7nfhPOd6bL8EFEnfuIi0lzSj\/7egdXt7PUg6CizR9rPTCAPluanlY0fzc2B3wwASja\/TSxa9vywQ\/z4YX4QWvyCprqN9v5Fc+L3jCu2nORn80sHg2942oRZ80Ni0h\/Z89d3lV+p2B+G95b119DRfoRzJ\/lxzj9jkVT+8+sDWPIz+PETUfRLInGp6CeOmMlvRX6U78aP0F91fnRxsvjZ+1ccr8DvB5QW+negTEZNkx\/12\/fvlzykfuNyef2F6u6m+eBAXdZSfnvDBT\/x8a3iqUO\/N7DgZ85Ln5g5ck3mfvUa1n7WD6mGsmv3k5sSOYDgsUTq2i888+aXHKpxXPQr70rkvkSSxn72Yq\/94B31E43nmqqL+Tno6AyK\/aEjqkhKUs38KrkfMlX8qTtZ33REXeonhJCKFM\/OmUDmB0PjR3HhN4NQf7eW+xFmwVASRnO\/mi+\/vwCd4vxMhcgYxYxfeOYrP5NFz7p+wAa5wTHM\/YKX\/vJbmy7bH40ZTiwGcZD7wS1f+dn2HxrxGyeM8NgMT4D4wdCRXxghWFWw+AkAtQhp4+F0NzKcft0CZOMTSsmLIwYA2T7NXPQholyJ3w2OzKttVOaq4shNbrjLQLO+c9huN7bVkCNsfvUdTmGwKgIAdv1Pzn\/t2sFu1EYcx\/Hv3057qZT8HYx6a2eb3VzrtNlIPWU3ITk36yznqiU8APc+QnmEigdoe67KoeEKl8ANRYBzDoongRvgAXY8SCuuFiA0H8nyePSX5qeRPDOS\/XlbHfFJ+8nwMel7DYFAgA1AdK5f6V4yLSHdbxuD6R7JjoGNA0M6ncDqgZJO8gK5+isAX\/wMqwUL0z3Yvaak1\/dg2CthcL2AqRkWSAnDadHF99\/k7TkyLRXZ31Hy\/TVkR5HtvkH2x1D2R8hWbki3hgCkBawoy28q07dVl3\/YgtxswfrKGpQ6WEO2Ib+iXeTjxX1FUHj6wHD38U3AIIu3FDn9HRYPFS4BycsTAlvBw5vw1R3IjhOQHpD9aUDUAAr8e9hJPmdBThSw\/klQsI3FYdteAXA1MwpNBViEM3yFKoCD0ARqOsjn9SyeA3AKenyEEFwouOQ2tHFOQ\/Vx1fZltFy21PH\/Bwp6rr4hgNQK9kcDyRivLuBV+g0zCo+BdIRwZplxQssmDm\/ddJLvy00LFsg3KxyQuQx0x0Ae8jUGmlslM5aZfoEjcAktl73Lp53ke\/VXhakVmlPbzp8A\/4N7+g\/eogL3ns+tcseHCAQnBInFu111ku\/l38BaBvU5OEB7AtaCNEd4jUD6\/fnc\/DVHOFYM3jlBUuE9sp29H1lPwT0DAWRZYJ47gXQPTwmEgeJVtJYSS9BVPln6A3AXBQ6Q\/wRPeoCG4TO8RENOJ6IgCjhCha3wlrWrfLg6A54UCKB1hkt+sbj8BlyMKj9ms\/AtM18X\/nYDnm1WnPUboAGeTCqwdVg0dws6kExArqRjknIwQrZhYEoYXmv338GBko4vF8juBIAFv69emo6Rjd+U9OoY1r8roX9QQLmeF8hsKzcf4vwiBMI8JVxePPNHURRFURRFURRFURRFURRFURRFURRFURTNew2yWjoowjMyqwAAAABJRU5ErkJggg=='\/%3E%3C\/svg%3E&quot;)\"   src=\"https:\/\/www.europesays.com\/fr\/wp-content\/uploads\/2025\/04\/cover=1200x675\"\/><\/a><\/p>\n<p>Cliquez sur l&rsquo;image pour l&rsquo;agrandir. Le corridor retenu pour une \u00e9ventuelle ligne de m\u00e9tro \u00e0 Bordeaux M\u00e9tropole \u00e0 l&rsquo;horizon 2035 (cr\u00e9dits : Artelia).<\/p>\n<p>De quoi projeter, selon le cabinet Artelia, une fr\u00e9quentation de 157 000 voyageurs quotidiens. Un volume qualifi\u00e9 de \u00ab mod\u00e9r\u00e9 \u00bb par la M\u00e9tropole bien que cela repr\u00e9sente environ trois fois plus que les lignes actuellement les plus fr\u00e9quent\u00e9es du r\u00e9seau de tramway, alors m\u00eame que le trac\u00e9 envisag\u00e9 ne dessert pas directement l&rsquo;hypercentre, les gares de Cenon et Bordeaux Saint-Jean et la totalit\u00e9 du campus. La mise en service du m\u00e9tro devrait \u00e9viter 20 000 d\u00e9placements quotidiens en voiture mais sans permettre d&rsquo;am\u00e9liorer significativement la congestion routi\u00e8re de la rocade.<\/p>\n<p>Au moins 2,25 milliards d&rsquo;euros<\/p>\n<p>Sur le plan technique, il est question d&rsquo;un m\u00e9tro automatique l\u00e9ger bitube de type CityVal, c&rsquo;est-\u00e0-dire le mat\u00e9riel retenu derni\u00e8rement \u00e0 Toulouse, Rennes et Turin. Majoritairement en souterrain, entre 20 et 30 m\u00e8tres de profondeur, le trac\u00e9 envisage \u00e9galement des tron\u00e7ons en a\u00e9rien.<\/p>\n<p>Le co\u00fbt, hors acquisition fonci\u00e8re et parkings, montre d\u00e9j\u00e0 \u00e0 au moins 2,25 milliards d&rsquo;euros HT. Cela repr\u00e9sente la totalit\u00e9 du budget annuel de la M\u00e9tropole en fonctionnement et en investissement (2,18 milliards d&rsquo;euros en 2025) et l&rsquo;\u00e9quivalent de la totalit\u00e9 des d\u00e9penses d\u00e9di\u00e9es aux mobilit\u00e9s pendant trois ans. D&rsquo;autant qu&rsquo;il s&rsquo;agit \u00e0 coup s\u00fbr d&rsquo;un co\u00fbt plancher qui devrait grimper au fil de l&rsquo;avanc\u00e9e des travaux.<\/p>\n<p>\u00c9tude technique, sujet politique<\/p>\n<p>Si travaux il y a. Car, pr\u00e9f\u00e9rant rester prudente, la M\u00e9tropole rappelle \u00ab qu&rsquo;\u00e0 ce stade la rentabilit\u00e9 et l&rsquo;opportunit\u00e9 globale du projet n&rsquo;est pas encore d\u00e9montr\u00e9e, un bilan socio-\u00e9conomique devra \u00eatre produit \u00bb lors de la derni\u00e8re phase de l&rsquo;\u00e9tude. \u00c0 un an des \u00e9lections municipales, la droite et le centre se disent favorables au m\u00e9tro tandis qu&rsquo;\u00e0 l&rsquo;inverse le maire \u00e9cologiste de Bordeaux y est farouchement oppos\u00e9. Entre les deux, Christine Bost, la pr\u00e9sidente socialiste de la M\u00e9tropole, attend de conna\u00eetre toutes les conclusions de l&rsquo;\u00e9tude avant de se prononcer sur un projet d&rsquo;une telle ampleur pour le territoire.<\/p>\n<p>\u00ab La M\u00e9tropole a d\u00e9sormais la preuve qu&rsquo;un m\u00e9tro est techniquement r\u00e9alisable \u00e0 Bordeaux. C&rsquo;est une avanc\u00e9e majeure qui change la nature du d\u00e9bat et impose une discussion honn\u00eate sur cette opportunit\u00e9 \u00bb, se f\u00e9licite de son c\u00f4t\u00e9 l&rsquo;association M\u00e9tro Bordeaux qui promeut la construction d&rsquo;une telle infrastructure depuis plusieurs ann\u00e9es. Elle avait d&rsquo;ailleurs pr\u00e9sent\u00e9 un trac\u00e9 plus ou moins similaire d\u00e8s 2021.<\/p>\n","protected":false},"excerpt":{"rendered":"Ce sera tr\u00e8s probablement l&rsquo;un des gros sujets des \u00e9lections municipales du printemps 2026 dans l&rsquo;agglom\u00e9ration bordelaise :&hellip;\n","protected":false},"author":2,"featured_media":45606,"comment_status":"","ping_status":"","sticky":false,"template":"","format":"standard","meta":{"footnotes":""},"categories":[2817],"tags":[17,1111,11,1997,13459,3590,1777,674,1011,27,13461,4047,12,2219,13462,1095,25,13460],"class_list":{"0":"post-45605","1":"post","2":"type-post","3":"status-publish","4":"format-standard","5":"has-post-thumbnail","7":"category-bordeaux","8":"tag-17","9":"tag-actu","10":"tag-actualites","11":"tag-bordeaux","12":"tag-business-la-tribune-bordeaux","13":"tag-cout","14":"tag-eu","15":"tag-europe","16":"tag-fr","17":"tag-france","18":"tag-frequentation","19":"tag-metro","20":"tag-news","21":"tag-nouvelle-aquitaine","22":"tag-precise","23":"tag-projet","24":"tag-republique-francaise","25":"tag-trace"},"share_on_mastodon":{"url":"https:\/\/pubeurope.com\/@fr\/114385241050756325","error":""},"_links":{"self":[{"href":"https:\/\/www.europesays.com\/fr\/wp-json\/wp\/v2\/posts\/45605","targetHints":{"allow":["GET"]}}],"collection":[{"href":"https:\/\/www.europesays.com\/fr\/wp-json\/wp\/v2\/posts"}],"about":[{"href":"https:\/\/www.europesays.com\/fr\/wp-json\/wp\/v2\/types\/post"}],"author":[{"embeddable":true,"href":"https:\/\/www.europesays.com\/fr\/wp-json\/wp\/v2\/users\/2"}],"replies":[{"embeddable":true,"href":"https:\/\/www.europesays.com\/fr\/wp-json\/wp\/v2\/comments?post=45605"}],"version-history":[{"count":0,"href":"https:\/\/www.europesays.com\/fr\/wp-json\/wp\/v2\/posts\/45605\/revisions"}],"wp:featuredmedia":[{"embeddable":true,"href":"https:\/\/www.europesays.com\/fr\/wp-json\/wp\/v2\/media\/45606"}],"wp:attachment":[{"href":"https:\/\/www.europesays.com\/fr\/wp-json\/wp\/v2\/media?parent=45605"}],"wp:term":[{"taxonomy":"category","embeddable":true,"href":"https:\/\/www.europesays.com\/fr\/wp-json\/wp\/v2\/categories?post=45605"},{"taxonomy":"post_tag","embeddable":true,"href":"https:\/\/www.europesays.com\/fr\/wp-json\/wp\/v2\/tags?post=45605"}],"curies":[{"name":"wp","href":"https:\/\/api.w.org\/{rel}","templated":true}]}}