{"id":456050,"date":"2025-10-11T22:34:16","date_gmt":"2025-10-11T22:34:16","guid":{"rendered":"https:\/\/www.europesays.com\/fr\/456050\/"},"modified":"2025-10-11T22:34:16","modified_gmt":"2025-10-11T22:34:16","slug":"le-rmb-na-pas-gache-la-fete-bretonne-rouen-metropole-basket","status":"publish","type":"post","link":"https:\/\/www.europesays.com\/fr\/456050\/","title":{"rendered":"Le RMB n\u2019a pas g\u00e2ch\u00e9 la f\u00eate bretonne ! \u2013 Rouen M\u00e9tropole Basket"},"content":{"rendered":"<p style=\"text-align: justify;\" data-start=\"213\" data-end=\"396\">Pour l\u2019inauguration de sa nouvelle salle, Quimper, promu de NM1, remporte sa soir\u00e9e d\u2019ouverture gr\u00e2ce \u00e0 un grand Terrell Gomez et \u00e0 des Rouennais en manque de constance.<\/p>\n<p style=\"text-align: justify;\" data-start=\"398\" data-end=\"962\">Les arceaux du d\u00e9sormais \u201cKostum Park\u201d \u00e9taient tout neufs, raides comme les shooteurs ne les aiment pas, mais cela n\u2019a pas emp\u00each\u00e9 les B\u00e9liers de parfaitement lancer leur match, avec de l\u2019adresse ext\u00e9rieure et un \u00e9cart rapidement creus\u00e9 (30-16 \u00e0 la fin du 1er quart-temps).<br data-start=\"683\" data-end=\"686\"\/>D\u00e9pass\u00e9 par l\u2019efficacit\u00e9 offensive, le RMB a fait le dos rond et a laiss\u00e9 passer l\u2019orage. Bien aid\u00e9s par Niels Pharose (4\/8 \u00e0 3 points), les Rouennais ont r\u00e9agi en attaque, mais n\u2019ont pas r\u00e9ussi \u00e0 faire les stops d\u00e9fensifs n\u00e9cessaires pour combler l\u2019\u00e9cart (44-35).<\/p>\n<p style=\"text-align: justify;\" data-start=\"964\" data-end=\"1706\">Il fallait alors une grosse deuxi\u00e8me mi-temps de la part des L\u00e9opards pour esp\u00e9rer g\u00e2cher la f\u00eate bretonne. Gavin Gensmils, avec ses 15 d\u2019\u00e9valuation, a fait du bien au RMB . Le pivot surinamais est all\u00e9 chercher de gros rebonds, permettant au RMB de jouer un peu plus vite. Karim Man\u00e9, le Cannadien \u00e0 pu lors de la deuxi\u00e8me mi-temps d\u2019exprimer d\u2019avantage, en marquant 9 points pour son premier match avec le RMB.\u00a0<br data-start=\"1249\" data-end=\"1252\"\/>Le RMB est revenu \u00e0 6 points dans le 3e quart-temps, puis \u00e0 2 points dans le 4e. Une seconde fois qui aurait pu \u00eatre la bonne, lorsque les Seinomarins ont eu la balle pour passer devant \u00e0 deux minutes de la fin.<br data-start=\"1475\" data-end=\"1478\" data-is-only-node=\"\"\/>Mais apr\u00e8s un tir manqu\u00e9 d\u2019Arthur Bouba dans le corner, c\u2019est l\u2019homme de la soir\u00e9e, Terrell Gomez, qui a crucifi\u00e9 les espoirs rouennais en redonnant 5 points d\u2019avance \u00e0 Quimper gr\u00e2ce \u00e0 un \u00e9norme tir \u00e0 trois points.<\/p>\n<p style=\"text-align: justify;\" data-start=\"1708\" data-end=\"1883\">Les Rouennais auront fait preuve de r\u00e9silience et de courage pour revenir dans la partie, mais cela n\u2019a pas suffi pour d\u00e9crocher une premi\u00e8re victoire \u00e0 l\u2019ext\u00e9rieur.<\/p>\n<blockquote>\n<p style=\"text-align: center;\">Quand on a un temps fort, on ne le maitrise pas !<\/p>\n<\/blockquote>\n<p style=\"text-align: right;\">Sylvain Delorme apr\u00e8s le match contre Chalons-Reims<\/p>\n","protected":false},"excerpt":{"rendered":"Pour l\u2019inauguration de sa nouvelle salle, Quimper, promu de NM1, remporte sa soir\u00e9e d\u2019ouverture gr\u00e2ce \u00e0 un grand&hellip;\n","protected":false},"author":2,"featured_media":456051,"comment_status":"","ping_status":"","sticky":false,"template":"","format":"standard","meta":{"footnotes":""},"categories":[9587],"tags":[1111,11,1777,674,1011,27,12,5161,25,9590],"class_list":{"0":"post-456050","1":"post","2":"type-post","3":"status-publish","4":"format-standard","5":"has-post-thumbnail","7":"category-rouen","8":"tag-actu","9":"tag-actualites","10":"tag-eu","11":"tag-europe","12":"tag-fr","13":"tag-france","14":"tag-news","15":"tag-normandie","16":"tag-republique-francaise","17":"tag-rouen"},"share_on_mastodon":{"url":"https:\/\/pubeurope.com\/@fr\/115357919750952365","error":""},"_links":{"self":[{"href":"https:\/\/www.europesays.com\/fr\/wp-json\/wp\/v2\/posts\/456050","targetHints":{"allow":["GET"]}}],"collection":[{"href":"https:\/\/www.europesays.com\/fr\/wp-json\/wp\/v2\/posts"}],"about":[{"href":"https:\/\/www.europesays.com\/fr\/wp-json\/wp\/v2\/types\/post"}],"author":[{"embeddable":true,"href":"https:\/\/www.europesays.com\/fr\/wp-json\/wp\/v2\/users\/2"}],"replies":[{"embeddable":true,"href":"https:\/\/www.europesays.com\/fr\/wp-json\/wp\/v2\/comments?post=456050"}],"version-history":[{"count":0,"href":"https:\/\/www.europesays.com\/fr\/wp-json\/wp\/v2\/posts\/456050\/revisions"}],"wp:featuredmedia":[{"embeddable":true,"href":"https:\/\/www.europesays.com\/fr\/wp-json\/wp\/v2\/media\/456051"}],"wp:attachment":[{"href":"https:\/\/www.europesays.com\/fr\/wp-json\/wp\/v2\/media?parent=456050"}],"wp:term":[{"taxonomy":"category","embeddable":true,"href":"https:\/\/www.europesays.com\/fr\/wp-json\/wp\/v2\/categories?post=456050"},{"taxonomy":"post_tag","embeddable":true,"href":"https:\/\/www.europesays.com\/fr\/wp-json\/wp\/v2\/tags?post=456050"}],"curies":[{"name":"wp","href":"https:\/\/api.w.org\/{rel}","templated":true}]}}