{"id":456052,"date":"2025-10-11T22:35:11","date_gmt":"2025-10-11T22:35:11","guid":{"rendered":"https:\/\/www.europesays.com\/fr\/456052\/"},"modified":"2025-10-11T22:35:11","modified_gmt":"2025-10-11T22:35:11","slug":"evenement-succes-pour-la-vente-aux-encheres","status":"publish","type":"post","link":"https:\/\/www.europesays.com\/fr\/456052\/","title":{"rendered":"\u00c9v\u00e8nement.. Succ\u00e8s pour la vente aux ench\u00e8res\u00a0!"},"content":{"rendered":"<p>Mardi 30 septembre, de 10h \u00e0 21h, une assembl\u00e9e d\u2019amateurs s\u2019\u00e9taient d\u00e9plac\u00e9s en salle, rejoints par pr\u00e8s de 2 000 ench\u00e9risseurs connect\u00e9s en ligne via les plateformes Drouot et Interench\u00e8res. Preuve que l\u2019int\u00e9r\u00eat pour ces rendez- vous ne cesse de grandir.<\/p>\n<p><strong>Un bracelet et un ensemble en bois massif\u00a0: deux ench\u00e8res envol\u00e9es \u00e0 25 000 \u20ac chacune<\/strong><\/p>\n<p>\u00c0 retenir de cette soir\u00e9e : un bracelet sign\u00e9 Georges Lenfant pour Herm\u00e8s, grand joaillier fran\u00e7ais du XXe si\u00e8cle, envol\u00e9 \u00e0 25 000 \u20ac au marteau. Une adjudication qui illustre la vigueur du march\u00e9 des bijoux de signature, particuli\u00e8rement recherch\u00e9s pour leur raffinement et leur raret\u00e9.<\/p>\n<p>Le mobilier contemporain n\u2019\u00e9tait pas en reste : un ensemble de huit pi\u00e8ces en bois massif des ann\u00e9es 1980, sign\u00e9es Pierre Chapo, a lui aussi suscit\u00e9 l\u2019enthousiasme, totalisant environ 25 000 \u20ac. Un r\u00e9sultat qui confirme la cote montante de ce cr\u00e9ateur moderniste, de plus en plus pris\u00e9 des collectionneurs.<\/p>\n<p><strong>Un tr\u00e9sor dans votre maison<\/strong><\/p>\n<p>Ces performances remarquables rappellent combien il est utile de faire expertiser ses objets. \u00ab Une vente comme celle-ci montre que des pi\u00e8ces que l\u2019on croit ordinaires peuvent r\u00e9v\u00e9ler des surprises et atteindre des montants significatifs \u00bb, souligne Antoine S\u00e9n\u00e9quier-Crozet. Bijoux, tableaux, mobilier ou curiosit\u00e9s : bien des tr\u00e9sors attendent encore dans les maisons et les greniers.<\/p>\n<p>L\u2019\u00e9tude S\u00e9n\u00e9quier-Crozet accueille le public chaque mercredi de 14h \u00e0 18h, sans rendez-vous, pour des expertises gratuites. Elle re\u00e7oit \u00e9galement sur rendez-vous ou sur photos, en contactant directement Antoine Senequier-Crozet commissaire-priseur associ\u00e9 et Philippe Chabert expert.<\/p>\n<p>La prochaine grande vente est d\u2019ores et d\u00e9j\u00e0 annonc\u00e9e : le 25 novembre. Les d\u00e9tails seront bient\u00f4t en ligne sur le site de l\u2019\u00e9tude. En attendant, chacun peut pousser la porte pour une expertise : un geste simple qui peut, parfois, transformer un objet oubli\u00e9 en v\u00e9ritable tr\u00e9sor.<\/p>\n","protected":false},"excerpt":{"rendered":"Mardi 30 septembre, de 10h \u00e0 21h, une assembl\u00e9e d\u2019amateurs s\u2019\u00e9taient d\u00e9plac\u00e9s en salle, rejoints par pr\u00e8s de&hellip;\n","protected":false},"author":2,"featured_media":456053,"comment_status":"","ping_status":"","sticky":false,"template":"","format":"standard","meta":{"footnotes":""},"categories":[9566],"tags":[1111,11,7884,2430,1777,674,1011,27,2731,12,25],"class_list":{"0":"post-456052","1":"post","2":"type-post","3":"status-publish","4":"format-standard","5":"has-post-thumbnail","7":"category-grenoble","8":"tag-actu","9":"tag-actualites","10":"tag-articles-partenaires","11":"tag-auvergne-rhone-alpes","12":"tag-eu","13":"tag-europe","14":"tag-fr","15":"tag-france","16":"tag-grenoble","17":"tag-news","18":"tag-republique-francaise"},"share_on_mastodon":{"url":"https:\/\/pubeurope.com\/@fr\/115357923665537906","error":""},"_links":{"self":[{"href":"https:\/\/www.europesays.com\/fr\/wp-json\/wp\/v2\/posts\/456052","targetHints":{"allow":["GET"]}}],"collection":[{"href":"https:\/\/www.europesays.com\/fr\/wp-json\/wp\/v2\/posts"}],"about":[{"href":"https:\/\/www.europesays.com\/fr\/wp-json\/wp\/v2\/types\/post"}],"author":[{"embeddable":true,"href":"https:\/\/www.europesays.com\/fr\/wp-json\/wp\/v2\/users\/2"}],"replies":[{"embeddable":true,"href":"https:\/\/www.europesays.com\/fr\/wp-json\/wp\/v2\/comments?post=456052"}],"version-history":[{"count":0,"href":"https:\/\/www.europesays.com\/fr\/wp-json\/wp\/v2\/posts\/456052\/revisions"}],"wp:featuredmedia":[{"embeddable":true,"href":"https:\/\/www.europesays.com\/fr\/wp-json\/wp\/v2\/media\/456053"}],"wp:attachment":[{"href":"https:\/\/www.europesays.com\/fr\/wp-json\/wp\/v2\/media?parent=456052"}],"wp:term":[{"taxonomy":"category","embeddable":true,"href":"https:\/\/www.europesays.com\/fr\/wp-json\/wp\/v2\/categories?post=456052"},{"taxonomy":"post_tag","embeddable":true,"href":"https:\/\/www.europesays.com\/fr\/wp-json\/wp\/v2\/tags?post=456052"}],"curies":[{"name":"wp","href":"https:\/\/api.w.org\/{rel}","templated":true}]}}