{"id":456060,"date":"2025-10-11T22:40:14","date_gmt":"2025-10-11T22:40:14","guid":{"rendered":"https:\/\/www.europesays.com\/fr\/456060\/"},"modified":"2025-10-11T22:40:14","modified_gmt":"2025-10-11T22:40:14","slug":"le-team-strasbourg-marche-sur-leau","status":"publish","type":"post","link":"https:\/\/www.europesays.com\/fr\/456060\/","title":{"rendered":"le Team Strasbourg marche sur l&rsquo;eau\u00a0\u00a0"},"content":{"rendered":"<p>Quel d\u00e9but de championnat des Strasbourgeois\u00a0! Quatre succ\u00e8s cons\u00e9cutifs avec des scores qui fr\u00f4lent ou d\u00e9passent les vingt buts\u00a0: les hommes de la Kibitzenau semblent marcher sur l\u2019eau en attendant des adversaires plus coriaces.<\/p>\n<p>Denux, en pointe, marque les deux premiers buts alsaciens (2-0) puis Vitrant fait le break (3-0). Fontani, devant son but, est d\u00e9j\u00e0 chaud mais il est battu par Vasin (3-1) puis le gaucher Radojevic (3-2). S\u00e8te est au contact m\u00eame si Furman fait passer le score \u00e0 4-2.<\/p>\n<p>Dans la deuxi\u00e8me p\u00e9riode, Strasbourg&#8230;<\/p>\n","protected":false},"excerpt":{"rendered":"Quel d\u00e9but de championnat des Strasbourgeois\u00a0! Quatre succ\u00e8s cons\u00e9cutifs avec des scores qui fr\u00f4lent ou d\u00e9passent les vingt&hellip;\n","protected":false},"author":2,"featured_media":456061,"comment_status":"","ping_status":"","sticky":false,"template":"","format":"standard","meta":{"footnotes":""},"categories":[2820],"tags":[1111,11,2880,1777,674,1011,27,775,12,25,517,640,2879,43653,7488],"class_list":{"0":"post-456060","1":"post","2":"type-post","3":"status-publish","4":"format-standard","5":"has-post-thumbnail","7":"category-strasbourg","8":"tag-actu","9":"tag-actualites","10":"tag-edition-strasbourg","11":"tag-eu","12":"tag-europe","13":"tag-fr","14":"tag-france","15":"tag-grand-est","16":"tag-news","17":"tag-republique-francaise","18":"tag-sport","19":"tag-strasbourg","20":"tag-strasbourg-ville","21":"tag-team-strasbourg","22":"tag-water-polo"},"share_on_mastodon":{"url":"https:\/\/pubeurope.com\/@fr\/115357943270050017","error":""},"_links":{"self":[{"href":"https:\/\/www.europesays.com\/fr\/wp-json\/wp\/v2\/posts\/456060","targetHints":{"allow":["GET"]}}],"collection":[{"href":"https:\/\/www.europesays.com\/fr\/wp-json\/wp\/v2\/posts"}],"about":[{"href":"https:\/\/www.europesays.com\/fr\/wp-json\/wp\/v2\/types\/post"}],"author":[{"embeddable":true,"href":"https:\/\/www.europesays.com\/fr\/wp-json\/wp\/v2\/users\/2"}],"replies":[{"embeddable":true,"href":"https:\/\/www.europesays.com\/fr\/wp-json\/wp\/v2\/comments?post=456060"}],"version-history":[{"count":0,"href":"https:\/\/www.europesays.com\/fr\/wp-json\/wp\/v2\/posts\/456060\/revisions"}],"wp:featuredmedia":[{"embeddable":true,"href":"https:\/\/www.europesays.com\/fr\/wp-json\/wp\/v2\/media\/456061"}],"wp:attachment":[{"href":"https:\/\/www.europesays.com\/fr\/wp-json\/wp\/v2\/media?parent=456060"}],"wp:term":[{"taxonomy":"category","embeddable":true,"href":"https:\/\/www.europesays.com\/fr\/wp-json\/wp\/v2\/categories?post=456060"},{"taxonomy":"post_tag","embeddable":true,"href":"https:\/\/www.europesays.com\/fr\/wp-json\/wp\/v2\/tags?post=456060"}],"curies":[{"name":"wp","href":"https:\/\/api.w.org\/{rel}","templated":true}]}}