{"id":456062,"date":"2025-10-11T22:42:12","date_gmt":"2025-10-11T22:42:12","guid":{"rendered":"https:\/\/www.europesays.com\/fr\/456062\/"},"modified":"2025-10-11T22:42:12","modified_gmt":"2025-10-11T22:42:12","slug":"metz-handball-en-promenade-a-nice","status":"publish","type":"post","link":"https:\/\/www.europesays.com\/fr\/456062\/","title":{"rendered":"Metz Handball en promenade \u00e0 Nice"},"content":{"rendered":"<p><a href=\"https:\/\/www.republicain-lorrain.fr\/sport\/2025\/10\/10\/metz-handball-lena-grandveau-taille-patronne\" target=\"_blank\" rel=\"noopener\">L\u2019exigeant Emmanuel Mayonnade<\/a> attendait beaucoup de cette premi\u00e8re quinzaine du mois d\u2019octobre avant la coupure internationale. Ses joueuses, toujours aussi affam\u00e9es sur le front domestique et sur l\u2019\u00e9chiquier europ\u00e9en, lui ont apport\u00e9 une d\u00e9licieuse dose de satisfaction et des certitudes sur les ambitions aiguis\u00e9es du club lorrain.<\/p>\n<p>Large vainqueures des Aiglonnes (35-22) gr\u00e2ce \u00e0 une entame de match rigoureuse, d\u2019une efficacit\u00e9 chirurgicale, qui a \u00f4t\u00e9 la moindre pointe d\u2019inqui\u00e9tude (20-9 \u00e0 la pause), les Dragonnes continuent leur marche en avant, dans la foul\u00e9e d\u2019un succ\u00e8s face \u00e0 Paris 92 (35-22) mercredi dernier. La&#8230;<\/p>\n","protected":false},"excerpt":{"rendered":"L\u2019exigeant Emmanuel Mayonnade attendait beaucoup de cette premi\u00e8re quinzaine du mois d\u2019octobre avant la coupure internationale. Ses joueuses,&hellip;\n","protected":false},"author":2,"featured_media":456063,"comment_status":"","ping_status":"","sticky":false,"template":"","format":"standard","meta":{"footnotes":""},"categories":[2819],"tags":[1111,11,5598,1777,674,107,1701,1011,27,1792,6212,12897,5597,6213,5599,8112,12,2401,882,25,517,1700],"class_list":{"0":"post-456062","1":"post","2":"type-post","3":"status-publish","4":"format-standard","5":"has-post-thumbnail","7":"category-nice","8":"tag-actu","9":"tag-actualites","10":"tag-edition-metz-et-agglomeration","11":"tag-eu","12":"tag-europe","13":"tag-fil-info","14":"tag-fil-info-sport","15":"tag-fr","16":"tag-france","17":"tag-handball","18":"tag-metz","19":"tag-metz-handball","20":"tag-metz-metropole-57b1","21":"tag-metz-ville-57b","22":"tag-moselle","23":"tag-moselle-est","24":"tag-news","25":"tag-nice","26":"tag-provence-alpes-cote-dazur","27":"tag-republique-francaise","28":"tag-sport","29":"tag-sport-lorrain"},"share_on_mastodon":{"url":"https:\/\/pubeurope.com\/@fr\/115357951179766160","error":""},"_links":{"self":[{"href":"https:\/\/www.europesays.com\/fr\/wp-json\/wp\/v2\/posts\/456062","targetHints":{"allow":["GET"]}}],"collection":[{"href":"https:\/\/www.europesays.com\/fr\/wp-json\/wp\/v2\/posts"}],"about":[{"href":"https:\/\/www.europesays.com\/fr\/wp-json\/wp\/v2\/types\/post"}],"author":[{"embeddable":true,"href":"https:\/\/www.europesays.com\/fr\/wp-json\/wp\/v2\/users\/2"}],"replies":[{"embeddable":true,"href":"https:\/\/www.europesays.com\/fr\/wp-json\/wp\/v2\/comments?post=456062"}],"version-history":[{"count":0,"href":"https:\/\/www.europesays.com\/fr\/wp-json\/wp\/v2\/posts\/456062\/revisions"}],"wp:featuredmedia":[{"embeddable":true,"href":"https:\/\/www.europesays.com\/fr\/wp-json\/wp\/v2\/media\/456063"}],"wp:attachment":[{"href":"https:\/\/www.europesays.com\/fr\/wp-json\/wp\/v2\/media?parent=456062"}],"wp:term":[{"taxonomy":"category","embeddable":true,"href":"https:\/\/www.europesays.com\/fr\/wp-json\/wp\/v2\/categories?post=456062"},{"taxonomy":"post_tag","embeddable":true,"href":"https:\/\/www.europesays.com\/fr\/wp-json\/wp\/v2\/tags?post=456062"}],"curies":[{"name":"wp","href":"https:\/\/api.w.org\/{rel}","templated":true}]}}