{"id":456064,"date":"2025-10-11T22:43:17","date_gmt":"2025-10-11T22:43:17","guid":{"rendered":"https:\/\/www.europesays.com\/fr\/456064\/"},"modified":"2025-10-11T22:43:17","modified_gmt":"2025-10-11T22:43:17","slug":"un-nouveau-batiment-municipal-pour-rapprocher-les-services-de-lhotel-de-ville-dans-le-sud-loire","status":"publish","type":"post","link":"https:\/\/www.europesays.com\/fr\/456064\/","title":{"rendered":"Un nouveau b\u00e2timent municipal pour rapprocher les services de l\u2019h\u00f4tel de ville dans le sud Loire"},"content":{"rendered":"<tr wp_automatic_readability=\"2.9323308270677\">\n<td valign=\"middle\" align=\"center\" class=\"col-logo\">\n    <img decoding=\"async\" src=\"https:\/\/www.europesays.com\/fr\/wp-content\/uploads\/2025\/04\/presse-ocean.gif\" alt=\"logo Presse-Oc\u00e9an\" height=\"66\"\/><\/p>\n<\/td>\n<td class=\"col-titre\">\n\t\t\tSamedi 11 octobre 2025 20:20<br \/>\n\t\t\t<a class=\"icon-bulle sizeL count\" href=\"#ancreAvis\"><br \/>\n\t&#8230;<br \/>\n<\/a><\/td>\n<\/tr>\n<p>\t\t<a class=\"mavillebox2 elmt-photo\" href=\"https:\/\/maville.com\/photosmvi\/2025\/10\/11\/P35516542D7015410G.jpg\" title=\" Pendant la visite du projet Charlyse avec les \u00e9lus.  \u00a9  Photo Presse Oc\u00e9an  &lt;!--TAG-BLC credit--&gt;\" rel=\"galerie_actu noopener\" target=\"_blank\"><br \/>\n\t<img decoding=\"async\" src=\"https:\/\/www.europesays.com\/fr\/wp-content\/uploads\/2025\/10\/P35516542D7015410G_crop_640-330_.jpg\" alt=\"photo  pendant la visite du projet charlyse avec les \u00e9lus.  \u00a9  photo presse oc\u00e9an \"\/><br \/>\n\t1<br \/>\n<\/a><\/p>\n<p class=\"elmt-legende\"> Pendant la visite du projet Charlyse avec les \u00e9lus.  \u00a9  Photo Presse Oc\u00e9an  <\/p>\n<p>\t\tLe collectif Charlyse, en cours de construction \u00e0 proximit\u00e9 de l\u2019h\u00f4tel de ville, regroupera bient\u00f4t quatre services municipaux actuellement dispers\u00e9s\u00a0\u00e0\u00a0Saint-S\u00e9bastien-sur-Loire.<\/p>\n<p><b>Cet article est r\u00e9serv\u00e9 aux abonn\u00e9s<\/b><\/p>\n<p>Pour un acc\u00e8s imm\u00e9diat, abonnez-vous<\/p>\n<p><b>1\u00e8re semaine offerte<\/b><\/p>\n<p>\t\tPresse-Oc\u00e9an<\/p>\n<p>Retrouvez d&rsquo;autres actus sur la commune de :<\/p>\n<p>\t\t&#13;<\/p>\n","protected":false},"excerpt":{"rendered":"Samedi 11 octobre 2025 20:20 &#8230; 1 Pendant la visite du projet Charlyse avec les \u00e9lus. \u00a9 Photo&hellip;\n","protected":false},"author":2,"featured_media":456065,"comment_status":"","ping_status":"","sticky":false,"template":"","format":"standard","meta":{"footnotes":""},"categories":[2818],"tags":[1111,11,4807,1777,674,1011,27,190,3367,7517,766,12,4565,2636,36514,25,1858,7053,4824],"class_list":{"0":"post-456064","1":"post","2":"type-post","3":"status-publish","4":"format-standard","5":"has-post-thumbnail","7":"category-nantes","8":"tag-actu","9":"tag-actualites","10":"tag-batiment","11":"tag-eu","12":"tag-europe","13":"tag-fr","14":"tag-france","15":"tag-hotel","16":"tag-loire","17":"tag-municipal","18":"tag-nantes","19":"tag-news","20":"tag-nouveau","21":"tag-pays-de-la-loire","22":"tag-rapprocher","23":"tag-republique-francaise","24":"tag-services","25":"tag-sud","26":"tag-ville"},"share_on_mastodon":{"url":"https:\/\/pubeurope.com\/@fr\/115357955900624677","error":""},"_links":{"self":[{"href":"https:\/\/www.europesays.com\/fr\/wp-json\/wp\/v2\/posts\/456064","targetHints":{"allow":["GET"]}}],"collection":[{"href":"https:\/\/www.europesays.com\/fr\/wp-json\/wp\/v2\/posts"}],"about":[{"href":"https:\/\/www.europesays.com\/fr\/wp-json\/wp\/v2\/types\/post"}],"author":[{"embeddable":true,"href":"https:\/\/www.europesays.com\/fr\/wp-json\/wp\/v2\/users\/2"}],"replies":[{"embeddable":true,"href":"https:\/\/www.europesays.com\/fr\/wp-json\/wp\/v2\/comments?post=456064"}],"version-history":[{"count":0,"href":"https:\/\/www.europesays.com\/fr\/wp-json\/wp\/v2\/posts\/456064\/revisions"}],"wp:featuredmedia":[{"embeddable":true,"href":"https:\/\/www.europesays.com\/fr\/wp-json\/wp\/v2\/media\/456065"}],"wp:attachment":[{"href":"https:\/\/www.europesays.com\/fr\/wp-json\/wp\/v2\/media?parent=456064"}],"wp:term":[{"taxonomy":"category","embeddable":true,"href":"https:\/\/www.europesays.com\/fr\/wp-json\/wp\/v2\/categories?post=456064"},{"taxonomy":"post_tag","embeddable":true,"href":"https:\/\/www.europesays.com\/fr\/wp-json\/wp\/v2\/tags?post=456064"}],"curies":[{"name":"wp","href":"https:\/\/api.w.org\/{rel}","templated":true}]}}