{"id":456066,"date":"2025-10-11T22:44:16","date_gmt":"2025-10-11T22:44:16","guid":{"rendered":"https:\/\/www.europesays.com\/fr\/456066\/"},"modified":"2025-10-11T22:44:16","modified_gmt":"2025-10-11T22:44:16","slug":"les-remparts-de-tours-dominent-encore-nantes-et-prennent-les-commandes-au-classement","status":"publish","type":"post","link":"https:\/\/www.europesays.com\/fr\/456066\/","title":{"rendered":"les Remparts de Tours dominent encore Nantes et prennent les commandes au classement"},"content":{"rendered":"<p><strong>Tours\u00a0&#8211; Nantes\u00a0: 3-1<\/strong><\/p>\n<p>Et voil\u00e0 les Remparts leaders de D1\u00a0! Apr\u00e8s deux journ\u00e9es, cette place n\u2019est encore pas tr\u00e8s significative, mais elle confirme le tr\u00e8s bon d\u00e9but de saison des hommes de St\u00e9phane Gros, qui ont commenc\u00e9 par trois succ\u00e8s toutes comp\u00e9titions confondues. Deux semaines apr\u00e8s le premier, d\u00e9j\u00e0 face \u00e0 Nantes, en <a target=\"_self\" href=\"https:\/\/www.lanouvellerepublique.fr\/tours\/coupe-de-france-des-remparts-de-tours-retrouves-et-victorieux-face-a-nantes-1759009337\" rel=\"noopener\">Coupe de France (4-0)<\/a>, Tours a donc de nouveau domin\u00e9 cet adversaire, annonc\u00e9 \u00e9galement comme une des grosses \u00e9curies du championnat.<\/p>\n<p>Les Tourangeaux ont d\u00e9marr\u00e9 le match comme ils l\u2019avaient pr\u00e9vu\u00a0: avec \u00e9norm\u00e9ment d\u2019intensit\u00e9. Les Nantais s\u2019y attendaient s\u00fbrement (chat \u00e9chaud\u00e9 craint l\u2019eau froide), mais ils n\u2019ont pas r\u00e9ussi \u00e0 y faire face. Et l\u2019ouverture du score est arriv\u00e9e tr\u00e8s vite, lorsque Gr\u00e9gory Lapointe trouvait une passe parfaite pour Steven Fournier, esseul\u00e9 au deuxi\u00e8me poteau (1-0, 3&rsquo;42). Cette domination tourangelle s\u2019est longtemps poursuivie, seulement stopp\u00e9e par deux p\u00e9nalit\u00e9s qui offraient quelques premi\u00e8res occasions aux Nantais&#8230;. <\/p>\n<p>    Cet article a \u00e9t\u00e9 tronqu\u00e9. Abonnez-vous pour lire l&rsquo;article complet sur notre site.<\/p>\n<p style=\"margin: 0 !important; padding: 0 !important; font-size: 12px !important;\">Cet article a \u00e9t\u00e9 tronqu\u00e9. Abonnez-vous pour lire l&rsquo;article complet.<\/p>\n<p>    <a href=\"https:\/\/www.lanouvellerepublique.fr\/abonnements\" style=\"display: inline-block; margin-top: 5px !important; padding: 6px 12px !important; background: #cb1c27; color: white; text-decoration: none; border-radius: 4px; font-size: 12px !important;\" target=\"_blank\" rel=\"noopener\"><br \/>\n      S&rsquo;abonner<br \/>\n    <\/a><\/p>\n","protected":false},"excerpt":{"rendered":"Tours\u00a0&#8211; Nantes\u00a0: 3-1 Et voil\u00e0 les Remparts leaders de D1\u00a0! Apr\u00e8s deux journ\u00e9es, cette place n\u2019est encore pas&hellip;\n","protected":false},"author":2,"featured_media":456067,"comment_status":"","ping_status":"","sticky":false,"template":"","format":"standard","meta":{"footnotes":""},"categories":[2818],"tags":[1392,1111,11,1777,674,1011,27,4133,1387,766,12,2636,51935,25,60,1390],"class_list":{"0":"post-456066","1":"post","2":"type-post","3":"status-publish","4":"format-standard","5":"has-post-thumbnail","7":"category-nantes","8":"tag-a-la-une-local","9":"tag-actu","10":"tag-actualites","11":"tag-eu","12":"tag-europe","13":"tag-fr","14":"tag-france","15":"tag-hockey-sur-glace","16":"tag-indre-et-loire","17":"tag-nantes","18":"tag-news","19":"tag-pays-de-la-loire","20":"tag-remparts-de-tours","21":"tag-republique-francaise","22":"tag-sports","23":"tag-tours"},"share_on_mastodon":{"url":"https:\/\/pubeurope.com\/@fr\/115357959090113102","error":""},"_links":{"self":[{"href":"https:\/\/www.europesays.com\/fr\/wp-json\/wp\/v2\/posts\/456066","targetHints":{"allow":["GET"]}}],"collection":[{"href":"https:\/\/www.europesays.com\/fr\/wp-json\/wp\/v2\/posts"}],"about":[{"href":"https:\/\/www.europesays.com\/fr\/wp-json\/wp\/v2\/types\/post"}],"author":[{"embeddable":true,"href":"https:\/\/www.europesays.com\/fr\/wp-json\/wp\/v2\/users\/2"}],"replies":[{"embeddable":true,"href":"https:\/\/www.europesays.com\/fr\/wp-json\/wp\/v2\/comments?post=456066"}],"version-history":[{"count":0,"href":"https:\/\/www.europesays.com\/fr\/wp-json\/wp\/v2\/posts\/456066\/revisions"}],"wp:featuredmedia":[{"embeddable":true,"href":"https:\/\/www.europesays.com\/fr\/wp-json\/wp\/v2\/media\/456067"}],"wp:attachment":[{"href":"https:\/\/www.europesays.com\/fr\/wp-json\/wp\/v2\/media?parent=456066"}],"wp:term":[{"taxonomy":"category","embeddable":true,"href":"https:\/\/www.europesays.com\/fr\/wp-json\/wp\/v2\/categories?post=456066"},{"taxonomy":"post_tag","embeddable":true,"href":"https:\/\/www.europesays.com\/fr\/wp-json\/wp\/v2\/tags?post=456066"}],"curies":[{"name":"wp","href":"https:\/\/api.w.org\/{rel}","templated":true}]}}