{"id":456068,"date":"2025-10-11T22:45:35","date_gmt":"2025-10-11T22:45:35","guid":{"rendered":"https:\/\/www.europesays.com\/fr\/456068\/"},"modified":"2025-10-11T22:45:35","modified_gmt":"2025-10-11T22:45:35","slug":"dans-cette-ville-pres-de-bordeaux-une-2e-tete-de-liste-annonce-sa-candidature","status":"publish","type":"post","link":"https:\/\/www.europesays.com\/fr\/456068\/","title":{"rendered":"dans cette ville pr\u00e8s de Bordeaux, une 2e t\u00eate de liste annonce sa candidature"},"content":{"rendered":"<p>            Par<br \/>\n        <strong><br \/>\n            <a href=\"https:\/\/actu.fr\/auteur\/edwin-bleunven\" title=\"Consulter tous les articles de Edwin Bleunven\" rel=\"nofollow noopener\" target=\"_blank\">Edwin Bleunven<\/a><br \/>\n        <\/strong><\/p>\n<p>        Publi\u00e9 le<\/p>\n<p>            10 oct. 2025 \u00e0 6h40        <\/p>\n<p><b>Nadia Saby<\/b> sera candidate. L\u2019actuelle adjointe au maire de <a href=\"https:\/\/actu.fr\/nouvelle-aquitaine\/saint-medard-d-eyrans_33448\" rel=\"nofollow noopener\" target=\"_blank\">Saint-M\u00e9dard-d\u2019Eyrans<\/a>, en <a href=\"https:\/\/actu.fr\/nouvelle-aquitaine\/gironde_33\" rel=\"nofollow noopener\" target=\"_blank\">Gironde<\/a>, vient d\u2019annoncer <b>officiellement sa candidature<\/b> pour les <a href=\"https:\/\/actu.fr\/politique\/elections-municipales\" rel=\"nofollow noopener\" target=\"_blank\">\u00e9lections municipales<\/a>. Elle s\u2019avance vers mars\u00a02026 avec <b>une liste compl\u00e8te<\/b> et l\u2019appui du maire sortant, Christian Tamarelle.<\/p>\n<p>Une deuxi\u00e8me liste \u00e0 Saint-M\u00e9dard-d\u2019Eyrans<\/p>\n<p class=\" wall-content\"><a href=\"https:\/\/actu.fr\/nouvelle-aquitaine\/saint-medard-d-eyrans_33448\/municipales-2026-en-gironde-une-premiere-aspirante-annonce-sa-candidature-dans-cette-ville-pres-de-bordeaux_63237775.html\" rel=\"nofollow noopener\" target=\"_blank\">Apr\u00e8s l\u2019annonce officielle de Laure G\u00e9rard<\/a>, autre membre du conseil municipal actuel, la ville au sud de <a href=\"https:\/\/actu.fr\/bordeaux\/\" rel=\"nofollow noopener\" target=\"_blank\">Bordeaux<\/a> aura donc droit \u00e0 une <b>bataille \u00e9lectorale<\/b> entre deux listes (pour l\u2019instant).<\/p>\n<p class=\" wall-content\">\u00c0 la t\u00eate de cette nouvelle venue dans la course, Nadia Saby. Cette quinquag\u00e9naire conna\u00eet bien la vie communale. En effet, elle est, depuis le d\u00e9but du mandat en cours, <b>adjointe en charge des affaires sociales<\/b> et du jumelage.<\/p>\n<p class=\" wall-content\">De plus, la candidate est <b>vice-pr\u00e9sidente du CCAS<\/b> (Centre communal d\u2019action sociale) de sa commune et <b>d\u00e9l\u00e9gu\u00e9e communautaire<\/b> \u00e0 la communaut\u00e9 de communes Montesquieu (CCM).<\/p>\n<p>Une candidature de continuit\u00e9 pour Nadia Saby<\/p>\n<p class=\" wall-content\">\u00ab\u2009J\u2019habite \u00e0 Saint-M\u00e9dard-d\u2019Eyrans depuis 1998 et je me suis tr\u00e8s vite int\u00e9gr\u00e9 au village\u2009\u00bb, fait savoir la candidate. Apr\u00e8s avoir \u00e9t\u00e9 <b>membre d\u2019une association<\/b> saint-m\u00e9dardaise, elle int\u00e8gre la vie politique locale en 2014.<\/p>\n<p>Vid\u00e9os : en ce moment sur Actu<\/p>\n<p class=\" wall-content\">Elle est alors \u00e9lue comme conseill\u00e8re municipale aux c\u00f4t\u00e9s du maire actuel, Christian Tamarelle.<\/p>\n<p class=\" wall-content\">Apr\u00e8s cette premi\u00e8re exp\u00e9rience, elle devient adjointe lors du mandat suivant. Une derni\u00e8re \u00e9tape avant celle qu\u2019elle convoite en <b>mars\u00a02026<\/b>.<\/p>\n<p>Votre r\u00e9gion, votre actu !<\/p>\n<p>Recevez chaque jour les infos qui comptent pour vous.<\/p>\n<p>\t<a href=\"https:\/\/actu.fr\/newsletter\" class=\"ac-btn ac-btn--corner ac-btn--medium ac-btn--blue800\" rel=\"nofollow noopener\" target=\"_blank\">S&rsquo;incrire<\/a><br \/>\nSoutenir les associations et les \u00e9coles<\/p>\n<p class=\" wall-content\">Aujourd\u2019hui, l\u2019h\u00e9riti\u00e8re d\u00e9sign\u00e9e par son mentor entend mener une campagne pour \u00ab\u2009<b>soutenir les associations<\/b>, les \u00e9coles, les jeunes, les a\u00een\u00e9s\u2026\u2009\u00bb.<\/p>\n<p class=\" wall-content\">De plus, la comptable de profession indique que sa candidature sera celle de <b>la continuit\u00e9<\/b>\u2009: \u00ab\u2009Avec respect pour le travail d\u00e9j\u00e0 accompli.\u2009\u00bb<\/p>\n<p class=\" wall-content\">Le tout avec un regard tourn\u00e9 vers l\u2019avenir. Comme l\u2019affiche le slogan du collectif\u2009: \u00ab\u2009Ensemble, partageons demain.\u2009\u00bb<\/p>\n<p>Un programme complet bient\u00f4t d\u00e9voil\u00e9<\/p>\n<p class=\" wall-content\">Enfin, Nadia Saby indique vouloir <b>prendre soin<\/b> de sa commune, des routes, des b\u00e2timents et du cadre de vie des habitants. Toutefois, elle d\u00e9clare ne pas d\u00e9voiler son programme pour le moment.<\/p>\n<blockquote class=\"ac-article-quote wall-content\">\n<p>Notre programme sera tr\u00e8s bient\u00f4t d\u00e9voil\u00e9, lors des r\u00e9unions de quartier et d\u2019une r\u00e9union publique.<\/p>\n<p>Nadia Saby<\/p><\/blockquote>\n<p class=\" wall-content\">Chacune des deux candidates, officiellement lanc\u00e9es, avance donc vers mars\u00a02026 avec <b>le m\u00eame but<\/b>\u2009: si\u00e9ger comme maire.<\/p>\n<p class=\" wall-content\">Personnalisez votre actualit\u00e9 en ajoutant vos villes et m\u00e9dias en favori avec <a href=\"https:\/\/moncompte.actu.fr\" title=\"D\u00e9couvez Mon Actu\" rel=\"nofollow noopener\" data-trk=\"{&quot;cta&quot;:{&quot;action&quot;:&quot;https:\\\/\\\/moncompte.actu.fr&quot;,&quot;category&quot;:&quot;mon compte&quot;,&quot;from&quot;:&quot;article footer&quot;,&quot;name&quot;:&quot;Mon actu&quot;,&quot;type&quot;:&quot;cta&quot;}}\" target=\"_blank\">Mon Actu<\/a>.<\/p>\n","protected":false},"excerpt":{"rendered":"Par Edwin Bleunven Publi\u00e9 le 10 oct. 2025 \u00e0 6h40 Nadia Saby sera candidate. L\u2019actuelle adjointe au maire&hellip;\n","protected":false},"author":2,"featured_media":456069,"comment_status":"","ping_status":"","sticky":false,"template":"","format":"standard","meta":{"footnotes":""},"categories":[2817],"tags":[1111,11,1997,4188,1777,674,1011,27,3434,12,2219,316,25],"class_list":{"0":"post-456068","1":"post","2":"type-post","3":"status-publish","4":"format-standard","5":"has-post-thumbnail","7":"category-bordeaux","8":"tag-actu","9":"tag-actualites","10":"tag-bordeaux","11":"tag-elections-municipales","12":"tag-eu","13":"tag-europe","14":"tag-fr","15":"tag-france","16":"tag-municipales-2026","17":"tag-news","18":"tag-nouvelle-aquitaine","19":"tag-politique","20":"tag-republique-francaise"},"share_on_mastodon":{"url":"https:\/\/pubeurope.com\/@fr\/115357962993612389","error":""},"_links":{"self":[{"href":"https:\/\/www.europesays.com\/fr\/wp-json\/wp\/v2\/posts\/456068","targetHints":{"allow":["GET"]}}],"collection":[{"href":"https:\/\/www.europesays.com\/fr\/wp-json\/wp\/v2\/posts"}],"about":[{"href":"https:\/\/www.europesays.com\/fr\/wp-json\/wp\/v2\/types\/post"}],"author":[{"embeddable":true,"href":"https:\/\/www.europesays.com\/fr\/wp-json\/wp\/v2\/users\/2"}],"replies":[{"embeddable":true,"href":"https:\/\/www.europesays.com\/fr\/wp-json\/wp\/v2\/comments?post=456068"}],"version-history":[{"count":0,"href":"https:\/\/www.europesays.com\/fr\/wp-json\/wp\/v2\/posts\/456068\/revisions"}],"wp:featuredmedia":[{"embeddable":true,"href":"https:\/\/www.europesays.com\/fr\/wp-json\/wp\/v2\/media\/456069"}],"wp:attachment":[{"href":"https:\/\/www.europesays.com\/fr\/wp-json\/wp\/v2\/media?parent=456068"}],"wp:term":[{"taxonomy":"category","embeddable":true,"href":"https:\/\/www.europesays.com\/fr\/wp-json\/wp\/v2\/categories?post=456068"},{"taxonomy":"post_tag","embeddable":true,"href":"https:\/\/www.europesays.com\/fr\/wp-json\/wp\/v2\/tags?post=456068"}],"curies":[{"name":"wp","href":"https:\/\/api.w.org\/{rel}","templated":true}]}}