{"id":456074,"date":"2025-10-11T22:48:14","date_gmt":"2025-10-11T22:48:14","guid":{"rendered":"https:\/\/www.europesays.com\/fr\/456074\/"},"modified":"2025-10-11T22:48:14","modified_gmt":"2025-10-11T22:48:14","slug":"top-14-toulouse-ubb-pas-un-choc-au-rabais","status":"publish","type":"post","link":"https:\/\/www.europesays.com\/fr\/456074\/","title":{"rendered":"Top 14 : Toulouse-UBB, pas un choc au rabais"},"content":{"rendered":"<p>L&rsquo;UBB va d\u00e9fier Toulouse ce dimanche soir (21h05) en cl\u00f4ture de la 6\u00e8me journ\u00e9e de Top 14. Un choc qui n&rsquo;a rien de d\u00e9cisif \u00e0 ce moment de la saison mais que l&rsquo;Union prend comme un vrai test, malgr\u00e9 les absences.<\/p>\n<p>Lucu, Moefana, Buros, bless\u00e9s, Jalibert, Bielle-Biarrey laiss\u00e9s au repos. L&rsquo;Union a laiss\u00e9 quelques forces vives en Gironde. Mais peu importe l&rsquo;\u00e9quipe align\u00e9e, ce match face \u00e0 la r\u00e9f\u00e9rence toulousaine va lui servir assure\u00a0<a class=\"IciLink ici-link IciArticleLink g-ici-body-regular-1 underline brand svelte-lu7k6w\" href=\"https:\/\/www.francebleu.fr\/emissions\/100-ubb-l-emission\/top-14-le-regard-de-guy-noves-avant-toulouse-ubb-7204020\" rel=\"nofollow noopener\" target=\"_blank\">l&rsquo;ancien manageur des rouge et noir<\/a>\u00a0Guy Nov\u00e8s.<\/p>\n<p>\u00ab\u00a0Evidemment, on n&rsquo;a pas tout \u00e0 fait le m\u00eame rendement. Mais c&rsquo;est aussi la possibilit\u00e9 pour les coaches de voir \u00e0 balles r\u00e9elles des joueurs talentueux form\u00e9s au club ou qu&rsquo;on vient de recruter. On les voit dans des conditions compliqu\u00e9es. C&rsquo;est toujours int\u00e9ressant de ce point de vue l\u00e0.\u00a0\u00bb<\/p>\n<p>\u00ab\u00a0Ce ne sont pas des matches en carton, loin de l\u00e0\u00a0\u00bb<\/p>\n<p>Il sera temps plus tard pour les deux \u00e9quipes de s&rsquo;expliquer, comme elles le font depuis deux ans dans des matches couperet. Mais la rencontre de ce dimanche soir n&rsquo;a rien d&rsquo;une impasse, assure l&rsquo;entra\u00eeneur de la m\u00eal\u00e9e Jean-Baptiste Poux.<\/p>\n<p>\u00ab\u00a0Toulouse c&rsquo;est la m\u00eame chose. Il y a des rotations, il y a 40 joueurs de grande qualit\u00e9. Ce ne sont pas des matches en carton, loin de l\u00e0. L&rsquo;an dernier avec une \u00e9quipe remani\u00e9e, on a cr\u00e9\u00e9 l&rsquo;exploit. Toulouse, quand ils sont venus, ils ont failli gagner. Quand on veut \u00eatre consid\u00e9r\u00e9 comme une grande \u00e9quipe, il faut avoir une profondeur d&rsquo;effectif importante.\u00a0\u00bb<\/p>\n<p>Une profondeur d&rsquo;effectif qui va donc passer au r\u00e9v\u00e9lateur toulousain. Mais n&rsquo;allez surtout pas dire au capitaine Bastien Vergnes-Taillefer, qu&rsquo;il s&rsquo;agit d&rsquo;un choc au rabais.<\/p>\n<p>\u00ab\u00a0Choc au rabais&#8230;Non. Il faut faire tourner, faire participer tout le monde. Un mec comme Louis Bielle-Biarrey, c&rsquo;est logique qu&rsquo;il ne joue pas. C&rsquo;est normal qu&rsquo;il y ait un turnover. On va deux fois \u00e0 l&rsquo;ext\u00e9rieur cons\u00e9cutivement donc c&rsquo;est important de faire reposer certains mecs. Nous on est concentr\u00e9, c&rsquo;est un peu p\u00e9joratif de dire qu&rsquo;on fait tourner pour les gars qui rentrent sur la feuille de match.\u00a0\u00bb<\/p>\n<p>L&rsquo;Union n&rsquo;a pas d&rsquo;objectif de r\u00e9sultat sur la pelouse du champion de France. Mais l&rsquo;obligation de relever la t\u00eate \u00e0 l&rsquo;ext\u00e9rieur. Pour \u00eatre digne de ce choc et de son nouveau statut de champion d&rsquo;Europe.<\/p>\n","protected":false},"excerpt":{"rendered":"L&rsquo;UBB va d\u00e9fier Toulouse ce dimanche soir (21h05) en cl\u00f4ture de la 6\u00e8me journ\u00e9e de Top 14. Un&hellip;\n","protected":false},"author":2,"featured_media":456075,"comment_status":"","ping_status":"","sticky":false,"template":"","format":"standard","meta":{"footnotes":""},"categories":[2816],"tags":[1111,11,1777,674,1011,27,12,2680,25,2312],"class_list":{"0":"post-456074","1":"post","2":"type-post","3":"status-publish","4":"format-standard","5":"has-post-thumbnail","7":"category-toulouse","8":"tag-actu","9":"tag-actualites","10":"tag-eu","11":"tag-europe","12":"tag-fr","13":"tag-france","14":"tag-news","15":"tag-occitanie","16":"tag-republique-francaise","17":"tag-toulouse"},"share_on_mastodon":{"url":"https:\/\/pubeurope.com\/@fr\/115357974680408991","error":""},"_links":{"self":[{"href":"https:\/\/www.europesays.com\/fr\/wp-json\/wp\/v2\/posts\/456074","targetHints":{"allow":["GET"]}}],"collection":[{"href":"https:\/\/www.europesays.com\/fr\/wp-json\/wp\/v2\/posts"}],"about":[{"href":"https:\/\/www.europesays.com\/fr\/wp-json\/wp\/v2\/types\/post"}],"author":[{"embeddable":true,"href":"https:\/\/www.europesays.com\/fr\/wp-json\/wp\/v2\/users\/2"}],"replies":[{"embeddable":true,"href":"https:\/\/www.europesays.com\/fr\/wp-json\/wp\/v2\/comments?post=456074"}],"version-history":[{"count":0,"href":"https:\/\/www.europesays.com\/fr\/wp-json\/wp\/v2\/posts\/456074\/revisions"}],"wp:featuredmedia":[{"embeddable":true,"href":"https:\/\/www.europesays.com\/fr\/wp-json\/wp\/v2\/media\/456075"}],"wp:attachment":[{"href":"https:\/\/www.europesays.com\/fr\/wp-json\/wp\/v2\/media?parent=456074"}],"wp:term":[{"taxonomy":"category","embeddable":true,"href":"https:\/\/www.europesays.com\/fr\/wp-json\/wp\/v2\/categories?post=456074"},{"taxonomy":"post_tag","embeddable":true,"href":"https:\/\/www.europesays.com\/fr\/wp-json\/wp\/v2\/tags?post=456074"}],"curies":[{"name":"wp","href":"https:\/\/api.w.org\/{rel}","templated":true}]}}