{"id":456080,"date":"2025-10-11T22:53:12","date_gmt":"2025-10-11T22:53:12","guid":{"rendered":"https:\/\/www.europesays.com\/fr\/456080\/"},"modified":"2025-10-11T22:53:12","modified_gmt":"2025-10-11T22:53:12","slug":"mosquee-des-bleuets-de-marseille-la-justice-suspend-la-fermeture-provisoire-du-lieu-de-culte","status":"publish","type":"post","link":"https:\/\/www.europesays.com\/fr\/456080\/","title":{"rendered":"Mosqu\u00e9e des Bleuets de Marseille\u00a0: la justice suspend la fermeture provisoire du lieu de culte"},"content":{"rendered":"<p class=\"paragraph text_align_left lp-f-body-02\">Nouveau rebondissement dans l\u2019affaire de la mosqu\u00e9e des Bleuets. Le tribunal administratif de Marseille a suspendu samedi l\u2019ex\u00e9cution de l\u2019arr\u00eat\u00e9 ordonnant la fermeture de <a href=\"https:\/\/www.leparisien.fr\/faits-divers\/marseille-la-mosquee-des-bleuets-reste-ouverte-apres-le-retrait-temporaire-de-son-imam-10-09-2024-YNXPA5UCRVHPNHAKWHM5X5M3TY.php\" target=\"_blank\" rel=\"noreferrer nofollow noopener\">la mosqu\u00e9e des Bleuets<\/a> pour deux mois, qui avait \u00e9t\u00e9 pris par la pr\u00e9fecture \u00e0 cause de positions de son imam jug\u00e9es \u00ab radicales \u00bb.<\/p>\n<p class=\"paragraph text_align_left lp-f-body-02\">Cette fermeture temporaire, d\u00e9cid\u00e9e par le pr\u00e9fet de r\u00e9gion Georges-Fran\u00e7ois Leclerc le 6 octobre, porte \u00ab atteinte \u00e0 la libert\u00e9 fondamentale du culte \u00bb, a estim\u00e9 le juge des r\u00e9f\u00e9r\u00e9s libert\u00e9, selon un communiqu\u00e9 de presse du tribunal administratif.<\/p>\n<p class=\"paragraph text_align_left lp-f-body-02\">Le juge souligne aussi que \u00ab la fermeture du lieu de culte cr\u00e9e une situation d\u2019urgence \u00e0 l\u2019\u00e9gard de l\u2019association ainsi priv\u00e9e de son activit\u00e9 principale \u00bb et des fid\u00e8les, \u00ab tout particuli\u00e8rement ceux \u00e0 mobilit\u00e9 r\u00e9duite \u00bb.<\/p>\n<p>\u00ab Une d\u00e9cision d\u2019apaisement \u00bb <\/p>\n<p class=\"paragraph text_align_left lp-f-body-02\">\u00ab Les propos et publications de l\u2019imam mis en cause sur les r\u00e9seaux sociaux, anciens ou plus r\u00e9cents ne pr\u00e9sentent pas une menace actuelle de provoquer la haine ou la violence de personnes ou de groupes de personnes \u00bb, a \u00e9galement jug\u00e9 le tribunal.<\/p>\n<p class=\"lp-card-podcast-highlighting__title  lp-f-subtitle-05\">[1\/2] Tuerie d\u2019Auriol\u00a0: la famille massacr\u00e9e et les barbouzes gaullistes<\/p>\n<p class=\"lp-card-podcast-highlighting__description lp-f-ui-05\">Crime story raconte chaque semaine les grandes affaires criminelles.<\/p>\n<p><a class=\"lp-card-podcast-highlighting__call-to-action\" data-page-type=\"HP\" data-block-name=\"podcast-highlight\">\u00c9couter<\/a><\/p>\n<p class=\"paragraph text_align_left lp-f-body-02\">\u00ab Cette victoire est une d\u00e9cision d\u2019apaisement \u00bb, a r\u00e9agi l\u2019avocat de la mosqu\u00e9e, Me Sefen Guez Guez. \u00ab Il est temps de laisser la mosqu\u00e9e poursuivre ses activit\u00e9s dans la s\u00e9r\u00e9nit\u00e9 \u00bb, a-t-il ajout\u00e9.<\/p>\n<blockquote class=\"twitter-tweet\">\n<p lang=\"fr\" dir=\"ltr\">Mosqu\u00e9e des Bleuets<br \/>\u2b07\ufe0f<br \/>Le pr\u00e9fet des Bouches-du-Rh\u00f4ne prend \u00e9videmment acte de la d\u00e9cision du tribunal administratif en r\u00e9f\u00e9r\u00e9 libert\u00e9, qui n&rsquo;est pas une d\u00e9cision d\u00e9finitive : son arr\u00eat\u00e9 est suspendu mais non annul\u00e9.  <\/p>\n<p>Sur le fond, il reste convaincu qu&rsquo;une mosqu\u00e9e ne saurait\u2026<\/p>\n<p>\u2014 Pr\u00e9f\u00e8te de police d\u00e9l\u00e9gu\u00e9e des Bouches-du-Rh\u00f4ne (@prefpolice13) <a href=\"https:\/\/twitter.com\/prefpolice13\/status\/1976998356967670056?ref_src=twsrc%5Etfw\" rel=\"nofollow noopener\" target=\"_blank\">October 11, 2025<\/a><\/p><\/blockquote>\n<p class=\"paragraph text_align_left lp-f-body-02\">Sur le compte X de la pr\u00e9f\u00e8te de police d\u00e9l\u00e9gu\u00e9e des Bouches-du-Rh\u00f4ne samedi apr\u00e8s-midi, il est \u00e9crit que \u00ab sur le fond \u00bb, le pr\u00e9fet \u00ab reste convaincu qu\u2019une mosqu\u00e9e ne saurait employer un imam ayant \u00e9t\u00e9 condamn\u00e9 pour apologie du terrorisme sans faire l\u2019objet de mesure administrative \u00bb.<\/p>\n<p class=\"paragraph text_align_left lp-f-body-02\">\u00ab Le pr\u00e9fet des Bouches-du-Rh\u00f4ne se r\u00e9serve la possibilit\u00e9 \u00e0 la lecture de la d\u00e9cision d\u2019engager les voies de droit dont il dispose \u00bb, est-il pr\u00e9cis\u00e9.<\/p>\n<p>Apologie du terrorisme<\/p>\n<p class=\"paragraph text_align_left lp-f-body-02\">Il y a un an, la pr\u00e9fecture de police des Bouches-du-Rh\u00f4ne avait d\u00e9j\u00e0 menac\u00e9 de fermer cette mosqu\u00e9e des quartiers Nord. L\u2019imam Ismail (Sma\u00efn Bendjilali de son vrai nom) avait alors promis de passer un dipl\u00f4me sur la la\u00efcit\u00e9, permettant au lieu de culte de rester ouvert malgr\u00e9 les tensions r\u00e9currentes entre les autorit\u00e9s et cette institution religieuse.<\/p>\n<p class=\"paragraph text_align_left lp-f-body-02\">Fin mai, <a href=\"https:\/\/www.leparisien.fr\/faits-divers\/mosquee-des-bleuets-a-marseille-limam-smain-bendjilali-en-garde-a-vue-pour-apologie-du-terrorisme-03-09-2024-GIM3CIMUVVDKTIG4FKFCFKORSI.php\" target=\"_blank\" rel=\"noreferrer nofollow noopener\">l\u2019imam a \u00e9t\u00e9 condamn\u00e9 \u00e0 six mois de prison avec sursis pour apologie du terrorisme<\/a> pour avoir partag\u00e9 un post sur X en lien avec l\u2019attaque du 7 octobre 2023 en Isra\u00ebl. Une d\u00e9cision dont il a fait appel.<\/p>\n<p class=\"paragraph text_align_left lp-f-body-02\">Le tribunal administratif de Marseille note dans sa d\u00e9cision samedi que \u00ab depuis la reprise de l\u2019activit\u00e9 de l\u2019int\u00e9ress\u00e9 \u00e0 la mosqu\u00e9e, aucun comportement contraire \u00e0 la loi de 1905, n\u2019est \u00e9tabli \u00bb et \u00ab aucun fid\u00e8le de la mosqu\u00e9e n\u2019a non plus \u00e9t\u00e9 mis en cause \u00bb.<\/p>\n<p class=\"paragraph text_align_left lp-f-body-02\">L\u2019arr\u00eat\u00e9 pr\u00e9fectoral accusait la mosqu\u00e9e et son imam d\u2019avoir sur les r\u00e9seaux sociaux \u00ab des positions favorables \u00e0 l\u2019organisation terroriste Hamas et, sous couvert d\u2019antisionisme, haineuses \u00e0 l\u2019encontre de l\u2019\u00c9tat d\u2019Isra\u00ebl \u00bb.<\/p>\n<p class=\"paragraph text_align_left lp-f-body-02\">\u00ab Je mets au d\u00e9fi l\u2019administration de trouver une seule mosqu\u00e9e \u00e0 Marseille o\u00f9 des rabbins et des pr\u00eatres viennent assister \u00e0 la pri\u00e8re du vendredi \u00bb, s\u2019est d\u00e9fendu l\u2019imam durant l\u2019audience de vendredi, exceptionnellement autoris\u00e9 \u00e0 prendre la parole.<\/p>\n<p class=\"paragraph text_align_left lp-f-body-02\">Georges-Fran\u00e7ois Leclerc, pr\u00e9fet de Provence-Alpes-C\u00f4te d\u2019Azur depuis janvier, avait retir\u00e9 le contrat d\u2019association avec l\u2019\u00c9tat du lyc\u00e9e musulman Averro\u00e8s de Lille lorsqu\u2019il \u00e9tait pr\u00e9fet du Nord en 2023. Finalement, le tribunal administratif lui avait donn\u00e9 tort, r\u00e9tablissant en avril ce contrat d\u2019association.<\/p>\n<p><script async src=\"https:\/\/platform.twitter.com\/widgets.js\" charset=\"utf-8\"><\/script><\/p>\n","protected":false},"excerpt":{"rendered":"Nouveau rebondissement dans l\u2019affaire de la mosqu\u00e9e des Bleuets. Le tribunal administratif de Marseille a suspendu samedi l\u2019ex\u00e9cution&hellip;\n","protected":false},"author":2,"featured_media":456081,"comment_status":"","ping_status":"","sticky":false,"template":"","format":"standard","meta":{"footnotes":""},"categories":[2814],"tags":[1111,11,1777,674,118,1011,27,884,12,882,25,104],"class_list":{"0":"post-456080","1":"post","2":"type-post","3":"status-publish","4":"format-standard","5":"has-post-thumbnail","7":"category-marseille","8":"tag-actu","9":"tag-actualites","10":"tag-eu","11":"tag-europe","12":"tag-faits-divers","13":"tag-fr","14":"tag-france","15":"tag-marseille","16":"tag-news","17":"tag-provence-alpes-cote-dazur","18":"tag-republique-francaise","19":"tag-societe"},"share_on_mastodon":{"url":"https:\/\/pubeurope.com\/@fr\/115357994450121315","error":""},"_links":{"self":[{"href":"https:\/\/www.europesays.com\/fr\/wp-json\/wp\/v2\/posts\/456080","targetHints":{"allow":["GET"]}}],"collection":[{"href":"https:\/\/www.europesays.com\/fr\/wp-json\/wp\/v2\/posts"}],"about":[{"href":"https:\/\/www.europesays.com\/fr\/wp-json\/wp\/v2\/types\/post"}],"author":[{"embeddable":true,"href":"https:\/\/www.europesays.com\/fr\/wp-json\/wp\/v2\/users\/2"}],"replies":[{"embeddable":true,"href":"https:\/\/www.europesays.com\/fr\/wp-json\/wp\/v2\/comments?post=456080"}],"version-history":[{"count":0,"href":"https:\/\/www.europesays.com\/fr\/wp-json\/wp\/v2\/posts\/456080\/revisions"}],"wp:featuredmedia":[{"embeddable":true,"href":"https:\/\/www.europesays.com\/fr\/wp-json\/wp\/v2\/media\/456081"}],"wp:attachment":[{"href":"https:\/\/www.europesays.com\/fr\/wp-json\/wp\/v2\/media?parent=456080"}],"wp:term":[{"taxonomy":"category","embeddable":true,"href":"https:\/\/www.europesays.com\/fr\/wp-json\/wp\/v2\/categories?post=456080"},{"taxonomy":"post_tag","embeddable":true,"href":"https:\/\/www.europesays.com\/fr\/wp-json\/wp\/v2\/tags?post=456080"}],"curies":[{"name":"wp","href":"https:\/\/api.w.org\/{rel}","templated":true}]}}