{"id":456082,"date":"2025-10-11T22:54:12","date_gmt":"2025-10-11T22:54:12","guid":{"rendered":"https:\/\/www.europesays.com\/fr\/456082\/"},"modified":"2025-10-11T22:54:12","modified_gmt":"2025-10-11T22:54:12","slug":"lyon-dans-les-pentes-de-la-croix-rousse-un-escalier-tague-dun-drapeau-palestinien-xxl","status":"publish","type":"post","link":"https:\/\/www.europesays.com\/fr\/456082\/","title":{"rendered":"Lyon. Dans les Pentes de la Croix-Rousse, un escalier tagu\u00e9 d\u2019un drapeau palestinien XXL"},"content":{"rendered":"<p>Ce n\u2019est pas la premi\u00e8re fois que l\u2019escalier de la mont\u00e9e de la Grande-C\u00f4te, dans sa partie la plus haute, se retrouve tagu\u00e9 d\u2019un gigantesque drapeau palestinien, symbole du soutien au peuple palestinien. Il avait d\u00e9j\u00e0 \u00e9t\u00e9 recouvert d\u2019une autre peinture bleu blanc rouge. Puis le tout avait \u00e9t\u00e9 nettoy\u00e9.<\/p>\n<p>Celui-ci aussi devrait dispara\u00eetre du paysage. La mairie du 1er arrondissement intervient d\u00e8s que la demande au service de d\u00e9tagage est d\u00e9pos\u00e9e. C\u2019est ce que rappelait en 2023, la maire du 1er arrondissement, Yasmine Bouagga, prise \u00e0 partie, \u00e0 l\u2019\u00e9poque, en raison de la multiplication des inscriptions et autres graffitis dans ce quartier historique. \u00ab\u00a0Le nettoiement des tags sur les b\u00e2timents publics, qui incombe \u00e0 la Ville, se chiffre en millions d\u2019euros\u00a0\u00bb, rappelait-elle.<\/p>\n<p>  Un nouvel escalier peint<\/p>\n<p>Ce n\u2019est pas la premi\u00e8re fois que les escaliers de la Croix-Rousse sont pris pour supports aux revendications. Il y a quelques mois, l\u2019escalier Pouteau, dans sa partie haute, avait \u00e9t\u00e9 recouvert d\u2019une inscription g\u00e9ante du mouvement d\u2019extr\u00eame gauche, la jeune garde. Il avait \u00e9t\u00e9 rapidement effac\u00e9. Depuis, le lieu a \u00e9t\u00e9 identifi\u00e9 pour devenir un nouvel escalier peint de la Croix-Rousse. Une fresque participative r\u00e9alis\u00e9e avec l\u2019artiste et illustratrice lyonnaise, Romane Bonsoir l\u2019embellit dans la continuit\u00e9 du ton donn\u00e9 \u00e0 la vol\u00e9e de marches juste en dessous.<\/p>\n","protected":false},"excerpt":{"rendered":"Ce n\u2019est pas la premi\u00e8re fois que l\u2019escalier de la mont\u00e9e de la Grande-C\u00f4te, dans sa partie la&hellip;\n","protected":false},"author":2,"featured_media":456083,"comment_status":"","ping_status":"","sticky":false,"template":"","format":"standard","meta":{"footnotes":""},"categories":[1889],"tags":[1111,11,2430,2757,1777,674,1011,27,2428,2756,12,25,2429,104],"class_list":{"0":"post-456082","1":"post","2":"type-post","3":"status-publish","4":"format-standard","5":"has-post-thumbnail","7":"category-lyon","8":"tag-actu","9":"tag-actualites","10":"tag-auvergne-rhone-alpes","11":"tag-edition-lyon-villeurbanne","12":"tag-eu","13":"tag-europe","14":"tag-fr","15":"tag-france","16":"tag-lyon","17":"tag-lyon-bassin","18":"tag-news","19":"tag-republique-francaise","20":"tag-rhone","21":"tag-societe"},"share_on_mastodon":{"url":"https:\/\/pubeurope.com\/@fr\/115357998377948324","error":""},"_links":{"self":[{"href":"https:\/\/www.europesays.com\/fr\/wp-json\/wp\/v2\/posts\/456082","targetHints":{"allow":["GET"]}}],"collection":[{"href":"https:\/\/www.europesays.com\/fr\/wp-json\/wp\/v2\/posts"}],"about":[{"href":"https:\/\/www.europesays.com\/fr\/wp-json\/wp\/v2\/types\/post"}],"author":[{"embeddable":true,"href":"https:\/\/www.europesays.com\/fr\/wp-json\/wp\/v2\/users\/2"}],"replies":[{"embeddable":true,"href":"https:\/\/www.europesays.com\/fr\/wp-json\/wp\/v2\/comments?post=456082"}],"version-history":[{"count":0,"href":"https:\/\/www.europesays.com\/fr\/wp-json\/wp\/v2\/posts\/456082\/revisions"}],"wp:featuredmedia":[{"embeddable":true,"href":"https:\/\/www.europesays.com\/fr\/wp-json\/wp\/v2\/media\/456083"}],"wp:attachment":[{"href":"https:\/\/www.europesays.com\/fr\/wp-json\/wp\/v2\/media?parent=456082"}],"wp:term":[{"taxonomy":"category","embeddable":true,"href":"https:\/\/www.europesays.com\/fr\/wp-json\/wp\/v2\/categories?post=456082"},{"taxonomy":"post_tag","embeddable":true,"href":"https:\/\/www.europesays.com\/fr\/wp-json\/wp\/v2\/tags?post=456082"}],"curies":[{"name":"wp","href":"https:\/\/api.w.org\/{rel}","templated":true}]}}