{"id":456098,"date":"2025-10-11T23:05:12","date_gmt":"2025-10-11T23:05:12","guid":{"rendered":"https:\/\/www.europesays.com\/fr\/456098\/"},"modified":"2025-10-11T23:05:12","modified_gmt":"2025-10-11T23:05:12","slug":"les-trophees-des-francais-des-etats-unis-2025-baptiste-cheval-recoit-le-prix-du-public","status":"publish","type":"post","link":"https:\/\/www.europesays.com\/fr\/456098\/","title":{"rendered":"Les Troph\u00e9es des Fran\u00e7ais des \u00c9tats-Unis 2025: Baptiste Cheval re\u00e7oit le Prix du Public"},"content":{"rendered":"<p class=\"t-content__chapo\">\n                                                L\u2019\u00e9dition 2025 des Troph\u00e9es des Fran\u00e7ais des \u00c9tats-Unis a eu lieu cette semaine \u00e0 New York. Huit de nos compatriotes ont \u00e9t\u00e9 prim\u00e9s dans diverses cat\u00e9gories, dont Baptiste Cheval, le laur\u00e9at du Prix du Public. Aujourd&rsquo;hui \u00e2g\u00e9 de 26 ans, Baptiste est arriv\u00e9 aux \u00c9tats-Unis en 2023, pr\u00e9cis\u00e9ment \u00e0 New York, \u00ab\u00a0la ville de la boxe\u00a0\u00bb selon lui, avec pour objectif de percer dans ce sport. En seulement deux ans, il a r\u00e9ussi \u00e0 y faire briller la boxe tricolore par son parcours impressionnant. Explications.                    <\/p>\n<p><img decoding=\"async\" fetchpriority=\"low\" src=\"https:\/\/www.europesays.com\/fr\/wp-content\/uploads\/2025\/10\/baptiste-cheval-1.jpg\"   width=\"1024\" height=\"576\" alt=\"Baptiste Cheval est champion de New York, puis champion de l'\u00c9tat et vainqueur des Golden Gloves.\" loading=\"eager\" class=\"a-img \"\/><\/p>\n<p>                Baptiste Cheval est champion de New York, puis champion de l&rsquo;\u00c9tat et vainqueur des Golden Gloves.                \u00a9 Bastien Martinez, @art_and_jab.            <\/p>\n<p class=\"a-read-more\">\u00c0 lire aussi<a target=\"_self\" href=\"https:\/\/www.rfi.fr\/fr\/podcasts\/vivre-ailleurs\/20250314-c\u00e9r\u00e9monie-de-remise-des-13\u1d49-troph\u00e9es-des-fran\u00e7ais-de-l-\u00e9tranger-\u00e0-paris\" class=\"a-read-more__link\" rel=\"noopener\">C\u00e9r\u00e9monie de remise des 13\u1d49 Troph\u00e9es des Fran\u00e7ais de l&rsquo;\u00e9tranger \u00e0 Paris<\/a><\/p>\n","protected":false},"excerpt":{"rendered":"L\u2019\u00e9dition 2025 des Troph\u00e9es des Fran\u00e7ais des \u00c9tats-Unis a eu lieu cette semaine \u00e0 New York. Huit de&hellip;\n","protected":false},"author":2,"featured_media":456099,"comment_status":"","ping_status":"","sticky":false,"template":"","format":"standard","meta":{"footnotes":""},"categories":[1589],"tags":[11,13740,73,1866,22728,74,12,60,1864,1865,1863,308,22258],"class_list":{"0":"post-456098","1":"post","2":"type-post","3":"status-publish","4":"format-standard","5":"has-post-thumbnail","7":"category-etats-unis","8":"tag-actualites","9":"tag-boxe","10":"tag-etats-unis","11":"tag-etats-unis-damerique","12":"tag-expatries","13":"tag-monde","14":"tag-news","15":"tag-sports","16":"tag-united-states","17":"tag-united-states-of-america","18":"tag-us","19":"tag-usa","20":"tag-vivre-ailleurs"},"share_on_mastodon":{"url":"https:\/\/pubeurope.com\/@fr\/115358042093169878","error":""},"_links":{"self":[{"href":"https:\/\/www.europesays.com\/fr\/wp-json\/wp\/v2\/posts\/456098","targetHints":{"allow":["GET"]}}],"collection":[{"href":"https:\/\/www.europesays.com\/fr\/wp-json\/wp\/v2\/posts"}],"about":[{"href":"https:\/\/www.europesays.com\/fr\/wp-json\/wp\/v2\/types\/post"}],"author":[{"embeddable":true,"href":"https:\/\/www.europesays.com\/fr\/wp-json\/wp\/v2\/users\/2"}],"replies":[{"embeddable":true,"href":"https:\/\/www.europesays.com\/fr\/wp-json\/wp\/v2\/comments?post=456098"}],"version-history":[{"count":0,"href":"https:\/\/www.europesays.com\/fr\/wp-json\/wp\/v2\/posts\/456098\/revisions"}],"wp:featuredmedia":[{"embeddable":true,"href":"https:\/\/www.europesays.com\/fr\/wp-json\/wp\/v2\/media\/456099"}],"wp:attachment":[{"href":"https:\/\/www.europesays.com\/fr\/wp-json\/wp\/v2\/media?parent=456098"}],"wp:term":[{"taxonomy":"category","embeddable":true,"href":"https:\/\/www.europesays.com\/fr\/wp-json\/wp\/v2\/categories?post=456098"},{"taxonomy":"post_tag","embeddable":true,"href":"https:\/\/www.europesays.com\/fr\/wp-json\/wp\/v2\/tags?post=456098"}],"curies":[{"name":"wp","href":"https:\/\/api.w.org\/{rel}","templated":true}]}}