{"id":456102,"date":"2025-10-11T23:07:15","date_gmt":"2025-10-11T23:07:15","guid":{"rendered":"https:\/\/www.europesays.com\/fr\/456102\/"},"modified":"2025-10-11T23:07:15","modified_gmt":"2025-10-11T23:07:15","slug":"lincendie-du-chateau-dune-aristocrate-dextreme-droite-revendique-par-des-antifascistes","status":"publish","type":"post","link":"https:\/\/www.europesays.com\/fr\/456102\/","title":{"rendered":"l&rsquo;incendie du ch\u00e2teau d&rsquo;une aristocrate d&rsquo;extr\u00eame droite revendiqu\u00e9 par des antifascistes"},"content":{"rendered":"<p><img loading=\"lazy\" decoding=\"async\" width=\"1000\" height=\"1000\" data-attachment-id=\"96693\" data-permalink=\"https:\/\/contre-attaque.net\/2025\/10\/11\/allemagne-lincendie-du-chateau-dune-aristocrate-dextreme-droite-revendique-par-des-antifascistes\/558578029_1230146782489142_628619683372371851_n\/\" data-orig-file=\"https:\/\/www.europesays.com\/fr\/wp-content\/uploads\/2025\/10\/558578029_1230146782489142_628619683372371851_n.jpg\" data-orig-size=\"1000,1000\" data-comments-opened=\"0\" data-image-meta=\"{&quot;aperture&quot;:&quot;0&quot;,&quot;credit&quot;:&quot;&quot;,&quot;camera&quot;:&quot;&quot;,&quot;caption&quot;:&quot;&quot;,&quot;created_timestamp&quot;:&quot;0&quot;,&quot;copyright&quot;:&quot;&quot;,&quot;focal_length&quot;:&quot;0&quot;,&quot;iso&quot;:&quot;0&quot;,&quot;shutter_speed&quot;:&quot;0&quot;,&quot;title&quot;:&quot;&quot;,&quot;orientation&quot;:&quot;0&quot;}\" data-image-title=\"558578029_1230146782489142_628619683372371851_n\" data-image-description=\"\" data-image-caption=\"\" data-medium-file=\"https:\/\/contre-attaque.net\/wp-content\/uploads\/2025\/10\/558578029_1230146782489142_628619683372371851_n-300x300.jpg\" data-large-file=\"https:\/\/www.europesays.com\/fr\/wp-content\/uploads\/2025\/10\/558578029_1230146782489142_628619683372371851_n.jpg\" src=\"https:\/\/www.europesays.com\/fr\/wp-content\/uploads\/2025\/10\/558578029_1230146782489142_628619683372371851_n.jpg\" alt=\"Le pavillon de chasse de Thiergarten en proie aux flammes en Allemagne, lors d'une action contre sa propri\u00e9taire, l'aristocrate Gloria von Thurn und Taxis.\" class=\"wp-image-96693\"  \/><\/p>\n<p>\u00abDans la nuit du 5 au 6 octobre, \u00e0 23 h 30, nous avons acc\u00e9d\u00e9 au pavillon de chasse de Thiergarten, pr\u00e8s de Ratisbonne. Plusieurs engins incendiaires ont entra\u00een\u00e9 la destruction compl\u00e8te du ch\u00e2teau\u00bb explique un communiqu\u00e9 en allemand publi\u00e9 sur le r\u00e9seau anticapitaliste Indymedia. Le texte revendique une action contre l\u2019aristocrate Gloria von Thurn und Taxis, qui repr\u00e9sente \u00ables r\u00e9seaux les plus r\u00e9actionnaires de la classe dirigeante\u00bb.<\/p>\n<p>La famille noble Thurn und Taxis est l\u2019une des plus riches d\u2019Allemagne, celle qui poss\u00e8de le plus de propri\u00e9t\u00e9s terriennes, et de nombreux ch\u00e2teaux et villas luxueuses dans tout le pays. La princesse Gloria von Thurn und Taxis, membre de la maison bavaroise, est une militante d\u2019extr\u00eame droite. Elle est amie avec Steve Bannon, <a href=\"https:\/\/contre-attaque.net\/2025\/02\/22\/rififi-entre-fascistes-des-deux-cotes-de-latlantique\/\" target=\"_blank\" rel=\"noopener\">l\u2019id\u00e9ologue du trumpisme qui a r\u00e9alis\u00e9 un salut nazi au d\u00e9but de l\u2019ann\u00e9e<\/a>, mais aussi du juge \u00e9tasunien d\u2019extr\u00eame droite de la Cour supr\u00eame Samuel Alito, du dirigeant autoritaire de Hongrie Viktor Orban, du cardinal M\u00fcller, li\u00e9e \u00e0 la branche la plus r\u00e9actionnaire de l\u2019\u00c9glise, et elle ne cache pas son admiration pour Donald Trump et Elon Musk.<\/p>\n<p>Sur le plan de la politique int\u00e9rieure, Gloria von Thurn und Taxis estime que \u00abla meilleure solution serait que la CDU [droite] gouverne avec l\u2019AfD [le parti n\u00e9o-nazi]. Le probl\u00e8me c\u2019est qu\u2019on a trop de complexes avec \u00e7a en Allemagne\u00bb. Un rapprochement entre la droite traditionnelle et les h\u00e9ritiers du fascisme pour acc\u00e9der au pouvoir. C\u2019est exactement la strat\u00e9gie mise en \u0153uvre en France par des milliardaires comme St\u00e9rin ou Bollor\u00e9. Les seigneurs de notre \u00e9poque r\u00eavent partout de r\u00e9gimes n\u00e9ofascistes. Gloria Von Thurn und Taxis clame aussi sa sympathie pour Beatrix von Storch, une autre noble allemande, petite fille du ministre des Finances de Hitler et membre de l\u2019aile catholique-identitaire de l\u2019AfD.<\/p>\n<p>La princesse d\u2019extr\u00eame droite, qui \u00e9tait connue dans sa jeunesse pour son go\u00fbt de la f\u00eate et ses soir\u00e9es endiabl\u00e9es, pr\u00f4ne d\u00e9sormais un patriarcat strict : \u00abIl est int\u00e9ressant pour nous, les femmes, de rester \u00e0 la maison\u00bb d\u00e9clare-t-elle, tout en appelant \u00e0 abolir l\u2019IVG qui est un \u00abmeurtre\u00bb selon elle, et pense que le mariage entre personnes de m\u00eame sexe est une \u00abattaque contre la famille traditionnelle\u00bb. D\u00e8s 2001, Gloria von Thurn und Taxis avait choqu\u00e9 apr\u00e8s avoir d\u00e9clar\u00e9 \u00e0 la t\u00e9l\u00e9vision que le taux \u00e9lev\u00e9 de SIDA en Afrique s\u2019expliquait par la chaleur et le fait que \u00ables Noirs aiment beaucoup b*****\u00bb.<\/p>\n<p>Il y a quelques mois, des manifestants se suspendaient aux arbres d\u2019une propri\u00e9t\u00e9 de cette aristocrate en scandant : \u00abPas de place pour Thurn und Taxis !\u00bb, tout en r\u00e9clamant l\u2019expropriation de la famille.<\/p>\n<p>Cette fois-ci, c\u2019est un de ses palais qui br\u00fble. Le b\u00e2timent, qui servait depuis les ann\u00e9es 1970 de terrain de golf et abritait un restaurant gastronomique, est totalement d\u00e9truit, et les d\u00e9g\u00e2ts sont estim\u00e9s \u00e0 plusieurs millions d\u2019euros. La revendication de l\u2019incendie \u00e9mane d\u2019un groupe nomm\u00e9 \u00abKommando Georg Elser\u00bb, le nom d\u2019un r\u00e9sistant communiste qui a tent\u00e9 d\u2019\u00e9liminer Hitler et les hauts dignitaires du r\u00e9gime en 1939. Malheureusement, les nazis avaient quitt\u00e9 l\u2019estrade plus t\u00f4t que pr\u00e9vu, et la bombe a explos\u00e9 trop tard. Ce r\u00e9sistant a \u00e9t\u00e9 d\u00e9port\u00e9 et ex\u00e9cut\u00e9 en 1945.<\/p>\n<p>Le texte de revendication explique qu\u2019il s\u2019agit d\u2019envoyer un \u00abavertissement\u00bb \u00e0 Gloria von Thurn und Taxis, qualifi\u00e9e de \u00abgrande capitaliste\u00bb li\u00e9e aux cercles d\u2019extr\u00eame droite. Le texte accuse \u00e9galement le pavillon d\u2019avoir abrit\u00e9 une agence impliqu\u00e9e dans les crimes nazis pendant la Seconde Guerre mondiale. La police n\u2019a pas encore certifi\u00e9 l\u2019authenticit\u00e9 du texte.<\/p>\n<p>En Allemagne, <a href=\"https:\/\/contre-attaque.net\/2025\/02\/23\/elections-en-allemagne-le-triomphe-de-la-droite-dure-et-des-neo-nazis\/\" target=\"_blank\" rel=\"noopener\">l\u2019extr\u00eame droite fait une perc\u00e9e fulgurante aux \u00e9lections<\/a>. En f\u00e9vrier dernier, l\u2019AfD est arriv\u00e9e en deuxi\u00e8me position des l\u00e9gislatives, derri\u00e8re la droite, et a obtenu pr\u00e8s de 20% des voix. Le parti a doubl\u00e9 son score r\u00e9alis\u00e9 lors des pr\u00e9c\u00e9dentes \u00e9lections, b\u00e9n\u00e9ficiant du soutien appuy\u00e9 d\u2019Elon Musk et d\u2019un effondrement de la sociale-d\u00e9mocratie. En parall\u00e8le, la droite au pouvoir est en train de remilitariser l\u2019Allemagne \u00e0 marche forc\u00e9e, <a href=\"https:\/\/contre-attaque.net\/2025\/03\/04\/allemagne-un-trillon-deuros-pour-la-guerre\/\" target=\"_blank\" rel=\"noopener\">d\u00e9bloquant des sommes colossales pour faire de la Bundeswehr la \u00abpremi\u00e8re arm\u00e9e d\u2019Europe\u00bb<\/a>, et r\u00e9habilite les c\u00e9r\u00e9monies d\u2019hommages aux anciens soldats allemands\u2026<\/p>\n","protected":false},"excerpt":{"rendered":"\u00abDans la nuit du 5 au 6 octobre, \u00e0 23 h 30, nous avons acc\u00e9d\u00e9 au pavillon de&hellip;\n","protected":false},"author":2,"featured_media":456103,"comment_status":"","ping_status":"","sticky":false,"template":"","format":"standard","meta":{"footnotes":""},"categories":[1587],"tags":[11,1862,672,13797,1804,1805,1803,1777,674,1801,1310,12,1802],"class_list":{"0":"post-456102","1":"post","2":"type-post","3":"status-publish","4":"format-standard","5":"has-post-thumbnail","7":"category-allemagne","8":"tag-actualites","9":"tag-afd","10":"tag-allemagne","11":"tag-antifascisme","12":"tag-bundesrepublik-deutschland","13":"tag-de","14":"tag-deutschland","15":"tag-eu","16":"tag-europe","17":"tag-germany","18":"tag-incendie","19":"tag-news","20":"tag-republique-federale-dallemagne"},"share_on_mastodon":{"url":"https:\/\/pubeurope.com\/@fr\/115358049566314226","error":""},"_links":{"self":[{"href":"https:\/\/www.europesays.com\/fr\/wp-json\/wp\/v2\/posts\/456102","targetHints":{"allow":["GET"]}}],"collection":[{"href":"https:\/\/www.europesays.com\/fr\/wp-json\/wp\/v2\/posts"}],"about":[{"href":"https:\/\/www.europesays.com\/fr\/wp-json\/wp\/v2\/types\/post"}],"author":[{"embeddable":true,"href":"https:\/\/www.europesays.com\/fr\/wp-json\/wp\/v2\/users\/2"}],"replies":[{"embeddable":true,"href":"https:\/\/www.europesays.com\/fr\/wp-json\/wp\/v2\/comments?post=456102"}],"version-history":[{"count":0,"href":"https:\/\/www.europesays.com\/fr\/wp-json\/wp\/v2\/posts\/456102\/revisions"}],"wp:featuredmedia":[{"embeddable":true,"href":"https:\/\/www.europesays.com\/fr\/wp-json\/wp\/v2\/media\/456103"}],"wp:attachment":[{"href":"https:\/\/www.europesays.com\/fr\/wp-json\/wp\/v2\/media?parent=456102"}],"wp:term":[{"taxonomy":"category","embeddable":true,"href":"https:\/\/www.europesays.com\/fr\/wp-json\/wp\/v2\/categories?post=456102"},{"taxonomy":"post_tag","embeddable":true,"href":"https:\/\/www.europesays.com\/fr\/wp-json\/wp\/v2\/tags?post=456102"}],"curies":[{"name":"wp","href":"https:\/\/api.w.org\/{rel}","templated":true}]}}