{"id":456104,"date":"2025-10-11T23:08:21","date_gmt":"2025-10-11T23:08:21","guid":{"rendered":"https:\/\/www.europesays.com\/fr\/456104\/"},"modified":"2025-10-11T23:08:21","modified_gmt":"2025-10-11T23:08:21","slug":"comment-le-bassin-darcachon-utilise-des-aides-europeennes-soit-13-milliard-deuros-pour-2021-2027","status":"publish","type":"post","link":"https:\/\/www.europesays.com\/fr\/456104\/","title":{"rendered":"Comment le bassin d\u2019Arcachon utilise des aides europ\u00e9ennes, soit 1,3 milliard d\u2019euros pour 2021-2027"},"content":{"rendered":"<p>Ce mardi matin, \u00e0 l\u2019int\u00e9rieur de l\u2019auditorium du Palais des congr\u00e8s d\u2019Arcachon se pressent des dizaines et des dizaines de personnes venues de toute la Nouvelle-Aquitaine. Elles font partie du comit\u00e9 de suivi des programmes europ\u00e9ens pilot\u00e9 par la R\u00e9gion et sont l\u00e0 pour rendre compte de la destination des 1,3\u00a0milliard d\u2019euros vers\u00e9s par l\u2019Europe sur la r\u00e9gion entre 2021 et 2027.<\/p>\n<p>En effet, les fonds europ\u00e9ens, le Feder pour la comp\u00e9titivit\u00e9, le Feamp pour la p\u00eache, le Feader et Leader pour la politique agricole commune et la ruralit\u00e9, le fonds social europ\u00e9en, p\u00e8sent sur la r\u00e9gion et \u00ab\u00a0jouent un r\u00f4le cl\u00e9 dans le d\u00e9veloppement de la Nouvelle-Aquitaine\u00a0\u00bb dixit Isabelle Boudineau, \u00e9lue r\u00e9gionale d\u00e9l\u00e9gu\u00e9e \u00e0 l\u2019Europe et aux coop\u00e9rations europ\u00e9ennes. La gestion de ces fonds a \u00e9t\u00e9 confi\u00e9e aux r\u00e9gions depuis 2014. \u00ab\u00a0Mais il y a des conditions, poursuit l\u2019\u00e9lue, notamment ce comit\u00e9 de suivi annuel que nous tenons dans des lieux diff\u00e9rents chaque ann\u00e9e. L\u00e0, nous sommes \u00e0 Arcachon pour insister sur le littoral, \u00e0 travers les sommes donn\u00e9es pour la p\u00eache ou alors au GIP Littoral, une structure qui s\u2019int\u00e9resse \u00e0 l\u2019\u00e9rosion et aux solutions pour s\u2019y adapter.\u00a0\u00bb<\/p>\n<p>Ainsi, ce mardi, les membres du comit\u00e9 de suivi ont pu visiter des sites du bassin d\u2019Arcachon o\u00f9 des investissements avaient \u00e9t\u00e9 r\u00e9alis\u00e9s avec les fonds europ\u00e9ens. Par exemple la Source des Abatilles, \u00e0 Arcachon, o\u00f9 330\u00a0000\u00a0euros de l\u2019Europe avaient aid\u00e9 un investissement sur la ligne d\u2019embouteillage de la bouteille dite \u00ab\u00a0bordelaise\u00a0\u00bb, celle vendue dans les bars et restaurants. Un rendez-vous les a amen\u00e9s au pied de la dune du Pilat\u00a0: 750\u00a0000\u00a0euros de l\u2019Europe ont aid\u00e9 \u00e0 financer la requalification des acc\u00e8s et du parcours de visite de l\u2019espace d\u2019accueil.<\/p>\n<p>Subventions<\/p>\n<p>Et puis, de retour \u00e0 Arcachon, ils ont visit\u00e9 le port de p\u00eache qui a b\u00e9n\u00e9fici\u00e9 de 498\u00a0000\u00a0euros pour l\u2019installation frigorifique du port et l\u2019acquisition et la pose de deux potences portuaires. L\u2019objectif\u00a0? \u00ab\u00a0Am\u00e9liorer la prise en charge des produits et valoriser la qualit\u00e9 assur\u00e9e par les producteurs (transport, manipulation, tri, enregistrement, tra\u00e7abilit\u00e9, stockage).\u00a0\u00bb Enfin une derni\u00e8re visite a eu lieu \u00e0 la Foresti\u00e8re Gironde, une soci\u00e9t\u00e9 qui a b\u00e9n\u00e9fici\u00e9 de deux subventions europ\u00e9ennes pour l\u2019achat d\u2019un tracteur agricole blind\u00e9 pour les travaux forestiers (30\u00a0000\u00a0euros) et pour l\u2019acquisition d\u2019un broyeur de souches (6\u00a0000\u00a0euros).<\/p>\n<p>Des inqui\u00e9tudes p\u00e8sent sur ce syst\u00e8me. \u00ab\u00a0En effet, l\u2019enveloppe n\u2019est pas garantie, explique Isabelle Boudineau. L\u2019Europe veut avant tout que soit rembours\u00e9 l\u2019emprunt de l\u2019\u00e9norme plan de relance qui date du Covid.\u00a0\u00bb Notons d\u2019ailleurs qu\u2019entre 2014 et 2020, 3,3\u00a0milliards d\u2019euros avaient \u00e9t\u00e9 investis en Nouvelle-Aquitaine sur 220\u00a0000 dossiers, soit presque trois fois plus que la somme promise sur 2021-2027.<\/p>\n<p>La seconde inqui\u00e9tude porte sur la gouvernance qui pr\u00e9sidera \u00e0 la distribution de ces fonds. \u00ab\u00a0La Commission europ\u00e9enne semble moins vouloir s\u2019appuyer sur les r\u00e9gions que sur les \u00c9tats membres. Il y a un risque de voir les r\u00e9gions devenir les ex\u00e9cutantes de ce qui sera d\u00e9cid\u00e9 \u00e0 Paris\u2026\u00a0\u00bb<\/p>\n","protected":false},"excerpt":{"rendered":"Ce mardi matin, \u00e0 l\u2019int\u00e9rieur de l\u2019auditorium du Palais des congr\u00e8s d\u2019Arcachon se pressent des dizaines et des&hellip;\n","protected":false},"author":2,"featured_media":456105,"comment_status":"","ping_status":"","sticky":false,"template":"","format":"standard","meta":{"footnotes":""},"categories":[1586],"tags":[11,1777,674,1011,27,12,25],"class_list":{"0":"post-456104","1":"post","2":"type-post","3":"status-publish","4":"format-standard","5":"has-post-thumbnail","7":"category-europe","8":"tag-actualites","9":"tag-eu","10":"tag-europe","11":"tag-fr","12":"tag-france","13":"tag-news","14":"tag-republique-francaise"},"share_on_mastodon":{"url":"https:\/\/pubeurope.com\/@fr\/115358053737190248","error":""},"_links":{"self":[{"href":"https:\/\/www.europesays.com\/fr\/wp-json\/wp\/v2\/posts\/456104","targetHints":{"allow":["GET"]}}],"collection":[{"href":"https:\/\/www.europesays.com\/fr\/wp-json\/wp\/v2\/posts"}],"about":[{"href":"https:\/\/www.europesays.com\/fr\/wp-json\/wp\/v2\/types\/post"}],"author":[{"embeddable":true,"href":"https:\/\/www.europesays.com\/fr\/wp-json\/wp\/v2\/users\/2"}],"replies":[{"embeddable":true,"href":"https:\/\/www.europesays.com\/fr\/wp-json\/wp\/v2\/comments?post=456104"}],"version-history":[{"count":0,"href":"https:\/\/www.europesays.com\/fr\/wp-json\/wp\/v2\/posts\/456104\/revisions"}],"wp:featuredmedia":[{"embeddable":true,"href":"https:\/\/www.europesays.com\/fr\/wp-json\/wp\/v2\/media\/456105"}],"wp:attachment":[{"href":"https:\/\/www.europesays.com\/fr\/wp-json\/wp\/v2\/media?parent=456104"}],"wp:term":[{"taxonomy":"category","embeddable":true,"href":"https:\/\/www.europesays.com\/fr\/wp-json\/wp\/v2\/categories?post=456104"},{"taxonomy":"post_tag","embeddable":true,"href":"https:\/\/www.europesays.com\/fr\/wp-json\/wp\/v2\/tags?post=456104"}],"curies":[{"name":"wp","href":"https:\/\/api.w.org\/{rel}","templated":true}]}}