{"id":456106,"date":"2025-10-11T23:09:23","date_gmt":"2025-10-11T23:09:23","guid":{"rendered":"https:\/\/www.europesays.com\/fr\/456106\/"},"modified":"2025-10-11T23:09:23","modified_gmt":"2025-10-11T23:09:23","slug":"menacee-de-censure-ursula-von-der-leyen-sauve-sa-tete-et-se-rassure","status":"publish","type":"post","link":"https:\/\/www.europesays.com\/fr\/456106\/","title":{"rendered":"Menac\u00e9e de censure, Ursula Von der Leyen sauve sa t\u00eate et se rassure"},"content":{"rendered":"<p>Une nouvelle censure \u00e9vit\u00e9e pour <a href=\"https:\/\/www.20minutes.fr\/politique\/ursula-von-der-leyen\/\" class=\"c-link c-link--is-underlined\" target=\"_blank\" rel=\"noopener\">Ursula von der Leyen<\/a> ce jeudi. Alors qu\u2019elle a largement \u00e9chapp\u00e9 \u00e0 sa destitution, malgr\u00e9 les critiques qui persistent \u00e0 son encontre, elle s\u2019est f\u00e9licit\u00e9e du \u00ab\u00a0fort soutien\u00a0\u00bb du Parlement europ\u00e9en.<\/p>\n<p>Les <a href=\"https:\/\/www.20minutes.fr\/dossier\/depute\" class=\"c-link c-link--is-underlined\" target=\"_blank\" rel=\"noopener\">eurod\u00e9put\u00e9s<\/a>, r\u00e9unis en session pl\u00e9ni\u00e8re \u00e0 <a href=\"https:\/\/www.20minutes.fr\/strasbourg\/\" class=\"c-link c-link--is-underlined\" target=\"_blank\" rel=\"noopener\">Strasbourg <\/a>ont donc nettement rejet\u00e9 deux motions de censure, l\u2019une venant de l\u2019extr\u00eame droite, l\u2019autre de la gauche radicale. La premi\u00e8re, pr\u00e9sent\u00e9e par Les Patriotes pour l\u2019Europe (Pfe), groupe pr\u00e9sid\u00e9 par <a href=\"https:\/\/www.20minutes.fr\/politique\/jordan-bardella\/\" class=\"c-link c-link--is-underlined\" target=\"_blank\" rel=\"noopener\">Jordan Bardella<\/a>, a r\u00e9colt\u00e9 179 voix en sa faveur, 378 voix contre et 37 abstentions. La seconde, venant du groupe de La Gauche, co pr\u00e9sid\u00e9 par <a href=\"https:\/\/www.20minutes.fr\/politique\/manon-aubry\/\" class=\"c-link c-link--is-underlined\" target=\"_blank\" rel=\"noopener\">Manon Aubry<\/a>, a recueilli seulement 133 voix pour, 383 voix contre et 78 abstentions.<\/p>\n<p>Sa majorit\u00e9 pro-europ\u00e9enne tiraill\u00e9e<\/p>\n<p>L\u2019\u00e9chec de ces deux motions de censure conforte ainsi sa coalition entre sociaux-d\u00e9mocrates, centre (Renew) et la droite (PPE) m\u00eame si le camp dit pro-europ\u00e9en exprime lui aussi ses critiques.<\/p>\n<p>Les votes de jeudi avaient un air de d\u00e9j\u00e0-vu pour Ursula von der Leyen, apr\u00e8s une motion de censure en juillet initi\u00e9e par un eurod\u00e9put\u00e9 roumain d\u2019extr\u00eame droite, Gheorghe Piperea (ECR). Cette motion avait \u00e9t\u00e9 soutenue par 175 eurod\u00e9put\u00e9s, surtout d\u2019extr\u00eame droite, avec une douzaine de parlementaires de la gauche radicale. Elle avait \u00e9t\u00e9 rejet\u00e9e par 360 voix.<\/p>\n<\/p>\n<p>Depuis juillet, \u00ab\u00a0on ne peut pas dire qu\u2019on ait r\u00e9ellement fait de progr\u00e8s dans ce Parlement. La majorit\u00e9 pro-europ\u00e9enne qui vous a \u00e9lue fonctionne mal, toujours aussi mal\u00a0\u00bb, a d\u00e9plor\u00e9 la cheffe des centristes <a href=\"https:\/\/www.20minutes.fr\/politique\/valerie-hayer\/\" class=\"c-link c-link--is-underlined\" target=\"_blank\" rel=\"noopener\">Val\u00e9rie Hayer<\/a> lors d\u2019un d\u00e9bat lundi dans l\u2019h\u00e9micycle. La gauche et le centre reprochent \u00e0 Ursula von der Leyen, et plus largement \u00e0 la droite dont elle est issue, de cultiver l\u2019ambigu\u00eft\u00e9 avec l\u2019extr\u00eame droite et de d\u00e9tricoter les lois environnementales.<\/p>\n<p>\u00ab\u00a0Vous devez choisir entre vos alli\u00e9s et ceux qui ne sont pas nos amis\u00a0\u00bb, lui a lanc\u00e9 lundi la pr\u00e9sidente des sociaux-d\u00e9mocrates Iratxe Garcia. Malgr\u00e9 des critiques, sociaux-d\u00e9mocrates et centristes continuent de soutenir Ursula von der Leyen. Quant \u00e0 la droite, elle d\u00e9fend la pr\u00e9sidente de la <a href=\"https:\/\/www.20minutes.fr\/dossier\/commission_europeenne\" class=\"c-link c-link--is-underlined\" target=\"_blank\" rel=\"noopener\">Commission<\/a> qui est issue de ses rangs.<\/p>\n<p>Aubry et Bardella \u00ab\u00a0extr\u00e9mistes\u00a0\u00bb, \u00ab\u00a0antivaccins\u00a0\u00bb et admirateurs \u00ab\u00a0de Poutine\u00a0\u00bb<\/p>\n<p>Lundi, Manon Aubry l\u2019a accus\u00e9e d&rsquo;\u00ab\u00a0inaction\u00a0\u00bb face au \u00ab\u00a0g\u00e9nocide\u00a0\u00bb \u00e0 Gaza tandis que Jordan Bardella a d\u00e9nonc\u00e9 une \u00ab\u00a0fuite en avant migratoire\u00a0\u00bb de l\u2019UE et une \u00ab\u00a0reddition commerciale\u00a0\u00bb dans l\u2019accord avec <a href=\"https:\/\/www.20minutes.fr\/dossier\/donald_trump\" class=\"c-link c-link--is-underlined\" target=\"_blank\" rel=\"noopener\">Donald Trump<\/a>.<\/p>\n<p>Ursula von der Leyen a r\u00e9pondu lundi \u00e0 ces attaques avec un ton plus conciliant qu\u2019en juillet, lorsqu\u2019elle avait tax\u00e9 les initiateurs de la motion de censure \u00ab\u00a0d\u2019extr\u00e9mistes\u00a0\u00bb, \u00ab\u00a0antivaccins\u00a0\u00bb et admirateurs \u00ab\u00a0de Poutine\u00a0\u00bb. Elle a appel\u00e9 \u00e0 l\u2019unit\u00e9 et averti que toute division serait \u00ab\u00a0exploit\u00e9e\u00a0\u00bb par les adversaires de l\u2019<a href=\"https:\/\/www.20minutes.fr\/dossier\/ue\" class=\"c-link c-link--is-underlined\" target=\"_blank\" rel=\"noopener\">Union europ\u00e9enne<\/a>, mentionnant la <a href=\"https:\/\/www.20minutes.fr\/monde\/russie\/\" class=\"c-link c-link--is-underlined\" target=\"_blank\" rel=\"noopener\">Russie<\/a>.<\/p>\n","protected":false},"excerpt":{"rendered":"Une nouvelle censure \u00e9vit\u00e9e pour Ursula von der Leyen ce jeudi. Alors qu\u2019elle a largement \u00e9chapp\u00e9 \u00e0 sa&hellip;\n","protected":false},"author":2,"featured_media":456107,"comment_status":"","ping_status":"","sticky":false,"template":"","format":"standard","meta":{"footnotes":""},"categories":[1586],"tags":[47,11,9006,2196,1777,674,1779,1011,27,1077,15831,27012,12,8552,316,25,1778,364,555,2544,52296],"class_list":{"0":"post-456106","1":"post","2":"type-post","3":"status-publish","4":"format-standard","5":"has-post-thumbnail","7":"category-europe","8":"tag-actualite","9":"tag-actualites","10":"tag-censure","11":"tag-commission-europeenne","12":"tag-eu","13":"tag-europe","14":"tag-european-union","15":"tag-fr","16":"tag-france","17":"tag-jordan-bardella","18":"tag-luxembourg","19":"tag-manon-aubry","20":"tag-news","21":"tag-parlement-europeen","22":"tag-politique","23":"tag-republique-francaise","24":"tag-ue","25":"tag-union-europeenne","26":"tag-union-europeenne-ue","27":"tag-ursula-von-der-leyen","28":"tag-valerie-hayer"},"share_on_mastodon":{"url":"https:\/\/pubeurope.com\/@fr\/115358057361898137","error":""},"_links":{"self":[{"href":"https:\/\/www.europesays.com\/fr\/wp-json\/wp\/v2\/posts\/456106","targetHints":{"allow":["GET"]}}],"collection":[{"href":"https:\/\/www.europesays.com\/fr\/wp-json\/wp\/v2\/posts"}],"about":[{"href":"https:\/\/www.europesays.com\/fr\/wp-json\/wp\/v2\/types\/post"}],"author":[{"embeddable":true,"href":"https:\/\/www.europesays.com\/fr\/wp-json\/wp\/v2\/users\/2"}],"replies":[{"embeddable":true,"href":"https:\/\/www.europesays.com\/fr\/wp-json\/wp\/v2\/comments?post=456106"}],"version-history":[{"count":0,"href":"https:\/\/www.europesays.com\/fr\/wp-json\/wp\/v2\/posts\/456106\/revisions"}],"wp:featuredmedia":[{"embeddable":true,"href":"https:\/\/www.europesays.com\/fr\/wp-json\/wp\/v2\/media\/456107"}],"wp:attachment":[{"href":"https:\/\/www.europesays.com\/fr\/wp-json\/wp\/v2\/media?parent=456106"}],"wp:term":[{"taxonomy":"category","embeddable":true,"href":"https:\/\/www.europesays.com\/fr\/wp-json\/wp\/v2\/categories?post=456106"},{"taxonomy":"post_tag","embeddable":true,"href":"https:\/\/www.europesays.com\/fr\/wp-json\/wp\/v2\/tags?post=456106"}],"curies":[{"name":"wp","href":"https:\/\/api.w.org\/{rel}","templated":true}]}}