{"id":456108,"date":"2025-10-11T23:10:12","date_gmt":"2025-10-11T23:10:12","guid":{"rendered":"https:\/\/www.europesays.com\/fr\/456108\/"},"modified":"2025-10-11T23:10:12","modified_gmt":"2025-10-11T23:10:12","slug":"si-les-conditions-netaient-de-nouveau-plus-remplies-je-partirais-assure-le-chef-du-gouvernement","status":"publish","type":"post","link":"https:\/\/www.europesays.com\/fr\/456108\/","title":{"rendered":"\u00ab\u00a0Si les conditions n\u2019\u00e9taient de nouveau plus remplies, je partirais\u00a0\u00bb, assure le chef du gouvernement"},"content":{"rendered":"<p>   Le rapporteur g\u00e9n\u00e9ral du budget \u00e0 l\u2019Assembl\u00e9e n\u2019est \u00ab\u00a0pas hostile\u00a0\u00bb \u00e0 une baisse de la CSG             <\/p>\n<p class=\"post__live-container--answer-text post__space-node\">Le rapporteur g\u00e9n\u00e9ral du budget \u00e0 l\u2019Assembl\u00e9e nationale, Philippe Juvin (LR), dit ne pas \u00eatre hostile \u00e0 une baisse de la contribution sociale g\u00e9n\u00e9ralis\u00e9e (CSG) dans le prochain projet de loi budg\u00e9taire.<\/p>\n<p class=\"post__live-container--answer-text post__space-node\">\u00ab\u00a0Il faut que le salaire net augmente en France. Les socialistes plaident pour une baisse de la contribution sociale g\u00e9n\u00e9ralis\u00e9e, je n\u2019y suis pas hostile\u00a0\u00bb, a d\u00e9clar\u00e9 M.\u00a0Juvin samedi dans une interview \u00e0 <a href=\"https:\/\/www.latribune.fr\/article\/la-tribune-dimanche\/dimanche-eco\/7712405149156\/philippe-juvin-rapporteur-general-du-budget-je-ne-suis-pas-hostile-a-une-baisse-de-la-csg\" target=\"_blank\" rel=\"noopener nofollow\" title=\"Nouvelle fen\u00eatre\">La Tribune Dimanche,<\/a> ajoutant vouloir au pr\u00e9alable \u00ab\u00a0comprendre comment on compensera la perte de recettes\u00a0\u00bb.<\/p>\n<p class=\"post__live-container--answer-text post__space-node\">Pour le rapporteur g\u00e9n\u00e9ral du budget, \u00ab\u00a0nos marges de man\u0153uvre sont plut\u00f4t sur les d\u00e9penses que sur les recettes\u00a0\u00bb, dans une France \u00ab\u00a0champion[ne] du monde des imp\u00f4ts et des taxes\u00a0\u00bb. La baisse pr\u00e9vue des d\u00e9penses de l\u2019Etat \u00e0 hauteur de 6\u00a0milliards d\u2019euros lui semble \u00ab\u00a0insuffisant[e]\u00bb, et il \u00e9voque d\u2019autres pistes d\u2019\u00e9conomies comme sur l\u2019aide m\u00e9dicale de l\u2019Etat ou dans la fonction publique. \u00ab\u00a0Rien que pour l\u2019\u00e9ducation nationale, compte tenu de la baisse de la natalit\u00e9, je pense qu\u2019il est possible de supprimer 50\u00a0000\u00a0postes d\u2019ici \u00e0 2032\u00a0\u00bb, assure-t-il.<\/p>\n<p class=\"post__live-container--answer-text post__space-node\">\u00ab\u00a0Nous sommes bien trop nonchalants sur le probl\u00e8me de la dette\u00a0\u00bb, juge M. Juvin pour qui l\u2019objectif d\u2019un retour \u00e0 moins de 3\u00a0% de d\u00e9ficit en\u00a02029 doit \u00eatre absolument tenu. Une variation de 0,1 point de PIB, \u00ab\u00a0c\u2019est une enveloppe de 3\u00a0milliards d\u2019euros\u00a0\u00bb, rappelle-t-il.<\/p>\n<p class=\"post__live-container--answer-text post__space-node\">Le d\u00e9put\u00e9 clame \u00e9galement son hostilit\u00e9 \u00e0 l\u2019abandon de la r\u00e9forme des retraites\u00a0: \u00ab\u00a0comment la parole de la France pourrait-elle rester cr\u00e9dible vis-\u00e0-vis des march\u00e9s et de nos partenaires europ\u00e9ens si on suspendait l\u2019une des seules vraies r\u00e9formes structurantes de ces derni\u00e8res ann\u00e9es. Ce serait une grave erreur de prendre une telle d\u00e9cision\u00a0\u00bb, dit-il.<\/p>\n<p class=\"post__live-container--answer-text post__space-node\">Par ailleurs, \u00ab\u00a0c\u2019est une erreur d\u2019\u00e9carter d\u2019embl\u00e9e la possibilit\u00e9 d\u2019utiliser l\u2019article\u00a049.3\u00a0\u00bb, car \u00ab\u00a0c\u2019est se priver d\u2019un outil constitutionnel qui a permis de faire adopter des budgets ces derni\u00e8res ann\u00e9es\u00a0\u00bb, pr\u00e9vient Philippe\u00a0Juvin.<\/p>\n","protected":false},"excerpt":{"rendered":"Le rapporteur g\u00e9n\u00e9ral du budget \u00e0 l\u2019Assembl\u00e9e n\u2019est \u00ab\u00a0pas hostile\u00a0\u00bb \u00e0 une baisse de la CSG Le rapporteur&hellip;\n","protected":false},"author":2,"featured_media":456109,"comment_status":"","ping_status":"","sticky":false,"template":"","format":"standard","meta":{"footnotes":""},"categories":[2],"tags":[11,1011,27,12,25],"class_list":{"0":"post-456108","1":"post","2":"type-post","3":"status-publish","4":"format-standard","5":"has-post-thumbnail","7":"category-actualites","8":"tag-actualites","9":"tag-fr","10":"tag-france","11":"tag-news","12":"tag-republique-francaise"},"share_on_mastodon":{"url":"https:\/\/pubeurope.com\/@fr\/115358061316211521","error":""},"_links":{"self":[{"href":"https:\/\/www.europesays.com\/fr\/wp-json\/wp\/v2\/posts\/456108","targetHints":{"allow":["GET"]}}],"collection":[{"href":"https:\/\/www.europesays.com\/fr\/wp-json\/wp\/v2\/posts"}],"about":[{"href":"https:\/\/www.europesays.com\/fr\/wp-json\/wp\/v2\/types\/post"}],"author":[{"embeddable":true,"href":"https:\/\/www.europesays.com\/fr\/wp-json\/wp\/v2\/users\/2"}],"replies":[{"embeddable":true,"href":"https:\/\/www.europesays.com\/fr\/wp-json\/wp\/v2\/comments?post=456108"}],"version-history":[{"count":0,"href":"https:\/\/www.europesays.com\/fr\/wp-json\/wp\/v2\/posts\/456108\/revisions"}],"wp:featuredmedia":[{"embeddable":true,"href":"https:\/\/www.europesays.com\/fr\/wp-json\/wp\/v2\/media\/456109"}],"wp:attachment":[{"href":"https:\/\/www.europesays.com\/fr\/wp-json\/wp\/v2\/media?parent=456108"}],"wp:term":[{"taxonomy":"category","embeddable":true,"href":"https:\/\/www.europesays.com\/fr\/wp-json\/wp\/v2\/categories?post=456108"},{"taxonomy":"post_tag","embeddable":true,"href":"https:\/\/www.europesays.com\/fr\/wp-json\/wp\/v2\/tags?post=456108"}],"curies":[{"name":"wp","href":"https:\/\/api.w.org\/{rel}","templated":true}]}}