{"id":456112,"date":"2025-10-11T23:12:22","date_gmt":"2025-10-11T23:12:22","guid":{"rendered":"https:\/\/www.europesays.com\/fr\/456112\/"},"modified":"2025-10-11T23:12:22","modified_gmt":"2025-10-11T23:12:22","slug":"lavoine-occ-qualifie-aux-tirs-au-but-face-a-azay-cheille","status":"publish","type":"post","link":"https:\/\/www.europesays.com\/fr\/456112\/","title":{"rendered":"l\u2019Avoine OCC qualifi\u00e9 aux tirs au but face \u00e0 Azay-Cheill\u00e9"},"content":{"rendered":"<p><strong>SC Azay-Cheill\u00e9 (R1) &#8211;\u00a0AOCC (R1)\u00a0: 1-1 (3-4 tab)<\/strong><\/p>\n<p>Une histoire de penaltys. Au terme d\u2019un match riche en suspense, bien diff\u00e9rent de celui de la semaine derni\u00e8re <a target=\"_self\" href=\"https:\/\/www.lanouvellerepublique.fr\/indre-et-loire\/commune\/azay-le-rideau\/regional-1-la-victoire-avec-serenite-pour-avoine-sur-le-terrain-d-azay-cheille-1759608516\" rel=\"noopener\">en championnat (0-3)<\/a>, l&rsquo;AOCC s\u2019est de nouveau impos\u00e9 face au SC Azay-Cheill\u00e9, ce samedi 11 octobre 2025. Mais il a d\u00fb passer par les tirs au but (3-4) pour se qualifier au 6e tour de la Coupe de France&#8230;. <\/p>\n<p>    Cet article a \u00e9t\u00e9 tronqu\u00e9. Abonnez-vous pour lire l&rsquo;article complet sur notre site.<\/p>\n<p style=\"margin: 0 !important; padding: 0 !important; font-size: 12px !important;\">Cet article a \u00e9t\u00e9 tronqu\u00e9. Abonnez-vous pour lire l&rsquo;article complet.<\/p>\n<p>    <a href=\"https:\/\/www.lanouvellerepublique.fr\/abonnements\" style=\"display: inline-block; margin-top: 5px !important; padding: 6px 12px !important; background: #cb1c27; color: white; text-decoration: none; border-radius: 4px; font-size: 12px !important;\" target=\"_blank\" rel=\"noopener\"><br \/>\n      S&rsquo;abonner<br \/>\n    <\/a><\/p>\n","protected":false},"excerpt":{"rendered":"SC Azay-Cheill\u00e9 (R1) &#8211;\u00a0AOCC (R1)\u00a0: 1-1 (3-4 tab) Une histoire de penaltys. Au terme d\u2019un match riche en&hellip;\n","protected":false},"author":2,"featured_media":456113,"comment_status":"","ping_status":"","sticky":false,"template":"","format":"standard","meta":{"footnotes":""},"categories":[4],"tags":[11,52318,48153,52317,16806,52319,52302,63,1011,27,1387,12,25,60],"class_list":{"0":"post-456112","1":"post","2":"type-post","3":"status-publish","4":"format-standard","5":"has-post-thumbnail","7":"category-france","8":"tag-actualites","9":"tag-avoine","10":"tag-azay-le-rideau","11":"tag-cheille","12":"tag-chinon","13":"tag-cinais","14":"tag-coupe-de-france-football","15":"tag-football","16":"tag-fr","17":"tag-france","18":"tag-indre-et-loire","19":"tag-news","20":"tag-republique-francaise","21":"tag-sports"},"share_on_mastodon":{"url":"https:\/\/pubeurope.com\/@fr\/115358069206109655","error":""},"_links":{"self":[{"href":"https:\/\/www.europesays.com\/fr\/wp-json\/wp\/v2\/posts\/456112","targetHints":{"allow":["GET"]}}],"collection":[{"href":"https:\/\/www.europesays.com\/fr\/wp-json\/wp\/v2\/posts"}],"about":[{"href":"https:\/\/www.europesays.com\/fr\/wp-json\/wp\/v2\/types\/post"}],"author":[{"embeddable":true,"href":"https:\/\/www.europesays.com\/fr\/wp-json\/wp\/v2\/users\/2"}],"replies":[{"embeddable":true,"href":"https:\/\/www.europesays.com\/fr\/wp-json\/wp\/v2\/comments?post=456112"}],"version-history":[{"count":0,"href":"https:\/\/www.europesays.com\/fr\/wp-json\/wp\/v2\/posts\/456112\/revisions"}],"wp:featuredmedia":[{"embeddable":true,"href":"https:\/\/www.europesays.com\/fr\/wp-json\/wp\/v2\/media\/456113"}],"wp:attachment":[{"href":"https:\/\/www.europesays.com\/fr\/wp-json\/wp\/v2\/media?parent=456112"}],"wp:term":[{"taxonomy":"category","embeddable":true,"href":"https:\/\/www.europesays.com\/fr\/wp-json\/wp\/v2\/categories?post=456112"},{"taxonomy":"post_tag","embeddable":true,"href":"https:\/\/www.europesays.com\/fr\/wp-json\/wp\/v2\/tags?post=456112"}],"curies":[{"name":"wp","href":"https:\/\/api.w.org\/{rel}","templated":true}]}}