{"id":456116,"date":"2025-10-11T23:14:08","date_gmt":"2025-10-11T23:14:08","guid":{"rendered":"https:\/\/www.europesays.com\/fr\/456116\/"},"modified":"2025-10-11T23:14:08","modified_gmt":"2025-10-11T23:14:08","slug":"levallois-paris-mulhouse-et-vandoeuvre-assurent-une-premiere-journee-de-saforelle-power-6-sans-grandes-surprises-lequipe","status":"publish","type":"post","link":"https:\/\/www.europesays.com\/fr\/456116\/","title":{"rendered":"Levallois-Paris, Mulhouse et Vandoeuvre assurent : une premi\u00e8re journ\u00e9e de Saforelle Power 6 sans grandes surprises &#8211; L&#039;\u00c9quipe"},"content":{"rendered":"<ol>\n<li><a href=\"https:\/\/news.google.com\/rss\/articles\/CBMi-gFBVV95cUxQWWdHUEJkYXI5ZXNOWW5XRWhUZ00wTGpzRS1kTVlpWlNFUy14anVsQW5mZkhKWTRsWVhFeG9TQXoxSEIzQXMyQkVwVXBxeXVpSFJ0aEV3NWJUd0FOaWttV0VDdVNOUXI4T0YtWV9HXzR3RXJkdDA1Q0dabUJDZTRFaXhrc05pcWVwRXRZTmhiSkFnRFRsYjBZc0J4OEktWmpvWktSNzd3Y3BOS191TmowOEpzQkJsaGp5VnkxODdWVWY0ek96QW5rSkNRdE9oQXUwUFhFTjU1YlFWdFAxRTRpemlwRTZCU3BoNWRHb1ZsX1NpMWNwdTAtTUpn?oc=5\" target=\"_blank\" rel=\"nofollow noopener\">Levallois-Paris, Mulhouse et Vandoeuvre assurent : une premi\u00e8re journ\u00e9e de Saforelle Power 6 sans grandes surprises<\/a>&nbsp;&nbsp;L&rsquo;\u00c9quipe<\/li>\n<li><a href=\"https:\/\/news.google.com\/rss\/articles\/CBMiggJBVV95cUxPbjY1Y1FDNGI0b0lfdWo0d2l3bWpVZjY0WE80RUJ1Q2hELUlOVk5QdzRNd2p5UlVQMWZCOThzc3lSaFRMX1Bsd0tyTU4xODA2c2lJNE03RHlSYjB0M01HVnZEdHRTN2JXRVFvY2xyakpwWHhLeGlEZW5FSGpRV0JJRXh1T0VJeGJjYnRoaGFidWJDeTdRb1BPVm9OSF9BdXdEZkdWRkQ4ZmZGNzMydjZjNThwS0VLRzBHcVkzTmJlaDNNellvV3BsUFJPM3JzRGxjZF9EYi1MSlNUUTdhUEZmTjZFVTR0MkNCcHZzRERUNUZGSEs0d2cwQ1otQjBZaG1yWGc?oc=5\" target=\"_blank\" rel=\"nofollow noopener\">Photos. Volley-ball &#8211; Saforelle Power Six : Les Louves de Saint-Di\u00e9 sans solutions contre Levallois Paris pour ses d\u00e9buts dans l&rsquo;Elite (0-3)<\/a>&nbsp;&nbsp;Vosges Matin<\/li>\n<li><a href=\"https:\/\/news.google.com\/rss\/articles\/CBMi8AFBVV95cUxPY0JzWU4zNGp4cmJ3d2Yzcm9tcFV6WFJQWVNYV1c4b1ZjZ3gza2JEbHk2OFhGeG9vOVZrM2Nnc0tOZHYwX2xaRnJHeEd5SGJwQXdqMHZEalhrbTJfRzFEZkF5WTlPZDhUUzhLWm5YMnRHS1FsNnNYdkRCc3FfTFdqY2lJSXZXM0dORTVFQ0xQcjViS242T1pTSFlBSTFGV2tYbUhhMDlRSDVOSjZuTV9BZ1R4XzlEWDNOeUpCbFpiT1M0RC05R1I0YlFjWVI1emU5VXk0c0d3RGlLcVFPQllPZVpaQXd6b2NzNmVXNXc0Yks?oc=5\" target=\"_blank\" rel=\"nofollow noopener\">Volley-ball : le bel \u00e9t\u00e9 des Bleues de Chamali\u00e8res sur le pont pour lancer le championnat \u00e0 Mulhouse<\/a>&nbsp;&nbsp;La Montagne<\/li>\n<li><a href=\"https:\/\/news.google.com\/rss\/articles\/CBMiZkFVX3lxTE9VNF9MTnN5NG52Yjk2YVdCX0VCR09kc3VWV3N0WkNZN3NLak0ybDZWQ1VSbkhGcHZvdlRjeHROejZpbk1YRGd6M2tleFAyWlB5QlVtQWltRzNBejdyalp3NWM0WDNCUQ?oc=5\" target=\"_blank\" rel=\"nofollow noopener\">Le premier bal<\/a>&nbsp;&nbsp;Ligue Nationale de Volley<\/li>\n<li><a href=\"https:\/\/news.google.com\/rss\/articles\/CBMitgFBVV95cUxNSF9wajVOaXEwYmRUZ21LY25NX3BBX0FlQkdxMk81TUYxeXNTUU1ZLWd4a1JVS1dWYVBmcjFURExqVmhLTEp6VXg4eWVtMlZIckVvMk9zdVNjY1ZYdHlJX29teElfeGVSbklNSzRDcDVOT19qS0FzUUFUX3lzNGlJcElBTWFBNldMWmFuQm5rN1doVWRGOU1tRVFJcGtibDUxcU41TE9MVHY4Skt2elBINGM1akxoQQ?oc=5\" target=\"_blank\" rel=\"nofollow noopener\">Volley-ball &#8211; Saforelle Power Six. La montagne \u00e9tait vraiment trop haute pour les Louves de Saint-Di\u00e9<\/a>&nbsp;&nbsp;Vosges Matin<\/li>\n<\/ol>\n","protected":false},"excerpt":{"rendered":"Levallois-Paris, Mulhouse et Vandoeuvre assurent : une premi\u00e8re journ\u00e9e de Saforelle Power 6 sans grandes surprises&nbsp;&nbsp;L&rsquo;\u00c9quipe Photos. Volley-ball&hellip;\n","protected":false},"author":2,"featured_media":395849,"comment_status":"","ping_status":"","sticky":false,"template":"","format":"standard","meta":{"footnotes":""},"categories":[1417],"tags":[1011,27,60,1470,1469],"class_list":{"0":"post-456116","1":"post","2":"type-post","3":"status-publish","4":"format-standard","5":"has-post-thumbnail","7":"category-volley","8":"tag-fr","9":"tag-france","10":"tag-sports","11":"tag-volley","12":"tag-volleyball"},"share_on_mastodon":{"url":"https:\/\/pubeurope.com\/@fr\/115358077083614236","error":""},"_links":{"self":[{"href":"https:\/\/www.europesays.com\/fr\/wp-json\/wp\/v2\/posts\/456116","targetHints":{"allow":["GET"]}}],"collection":[{"href":"https:\/\/www.europesays.com\/fr\/wp-json\/wp\/v2\/posts"}],"about":[{"href":"https:\/\/www.europesays.com\/fr\/wp-json\/wp\/v2\/types\/post"}],"author":[{"embeddable":true,"href":"https:\/\/www.europesays.com\/fr\/wp-json\/wp\/v2\/users\/2"}],"replies":[{"embeddable":true,"href":"https:\/\/www.europesays.com\/fr\/wp-json\/wp\/v2\/comments?post=456116"}],"version-history":[{"count":0,"href":"https:\/\/www.europesays.com\/fr\/wp-json\/wp\/v2\/posts\/456116\/revisions"}],"wp:featuredmedia":[{"embeddable":true,"href":"https:\/\/www.europesays.com\/fr\/wp-json\/wp\/v2\/media\/395849"}],"wp:attachment":[{"href":"https:\/\/www.europesays.com\/fr\/wp-json\/wp\/v2\/media?parent=456116"}],"wp:term":[{"taxonomy":"category","embeddable":true,"href":"https:\/\/www.europesays.com\/fr\/wp-json\/wp\/v2\/categories?post=456116"},{"taxonomy":"post_tag","embeddable":true,"href":"https:\/\/www.europesays.com\/fr\/wp-json\/wp\/v2\/tags?post=456116"}],"curies":[{"name":"wp","href":"https:\/\/api.w.org\/{rel}","templated":true}]}}