{"id":456121,"date":"2025-10-11T23:18:14","date_gmt":"2025-10-11T23:18:14","guid":{"rendered":"https:\/\/www.europesays.com\/fr\/456121\/"},"modified":"2025-10-11T23:18:14","modified_gmt":"2025-10-11T23:18:14","slug":"andrea-iannone-de-retour-en-motogp-pour-remplacer-marc-marquez-en-malaisie-linteresse-repond-etrangement-2","status":"publish","type":"post","link":"https:\/\/www.europesays.com\/fr\/456121\/","title":{"rendered":"Andrea Iannone de retour en MotoGP pour remplacer Marc Marquez en Malaisie ? L&rsquo;int\u00e9ress\u00e9 r\u00e9pond \u00e9trangement&#8230;"},"content":{"rendered":"<p><strong>La rumeur d\u2019un retour d\u2019<a href=\"https:\/\/www.paddock-gp.com\/?s=iannone\" target=\"_blank\" rel=\"noopener nofollow\">Andrea Iannone<\/a> en MotoGP pour assurer le<br \/>\nremplacement de Marc Marquez en Malaisie n\u2019est, pour une fois, pas<br \/>\nissue du paddock mais bien d\u2019une interview diffus\u00e9e sur le site<br \/>\nofficiel <a href=\"https:\/\/www.worldsbk.com\/fr\/videos\/2025\/2025%20WorldSBK%20Estoril%20D01%20Iannone%20Interview\" target=\"_blank\" rel=\"noopener nofollow\">WorldSBK.com<\/a>.<\/strong><\/p>\n<p>Le pilote des Abruzzes a tout d\u2019abord partag\u00e9 son approche de<br \/>\nl\u2019avant-dernier round de la saison 2025 du World Superbike \u00e0<br \/>\nEstoril\u2026<\/p>\n<p data-start=\"175\" data-end=\"484\">\u00ab Je suis heureux d\u2019\u00eatre ici<br \/>\n\u00e0 Estoril. Je pense que c\u2019est un bon circuit, o\u00f9 j\u2019ai toujours de<br \/>\nbons souvenirs. Je suis revenu ici l\u2019ann\u00e9e derni\u00e8re apr\u00e8s une<br \/>\nlongue absence, et surtout en course 2, je me suis beaucoup amus\u00e9,<br \/>\nj\u2019ai effectu\u00e9 de nombreux d\u00e9passements, donc je suis vraiment<br \/>\nheureux d\u2019\u00eatre ici. \u00bb<\/p>\n<p data-start=\"486\" data-end=\"619\">Quittant son team Go Eleven au<br \/>\nterme de la saison, dans huit jours, l\u2019Italien esp\u00e8re finir en<br \/>\nbeaut\u00e9 et conclure dans le top 5\u2026<\/p>\n<p data-start=\"621\" data-end=\"1014\">\u00ab Nous verrons. C\u2019est bien<br \/>\ns\u00fbr notre objectif, mais nous avons manqu\u00e9 cela durant la saison.<br \/>\nJ\u2019esp\u00e8re que nous avons d\u00e9sormais le potentiel, depuis Arag\u00f3n<br \/>\njusqu\u2019\u00e0 Jerez. Je veux conclure de la meilleure mani\u00e8re possible,<br \/>\net c\u2019est aussi ma derni\u00e8re ann\u00e9e avec Go Eleven, donc je veux<br \/>\nvraiment bien terminer, et bien s\u00fbr je donnerai le maximum et<br \/>\nj\u2019essaierai d\u2019obtenir un excellent r\u00e9sultat. \u00bb<\/p>\n<p data-start=\"1016\" data-end=\"1288\">Alors que les premiers essais<br \/>\nde la saison Superbike 2026 aurons lieu en fin de mois, le num\u00e9ro<br \/>\n29 n\u2019a toujours pas pr\u00e9cis\u00e9 son avenir, sans guidon pour<br \/>\nl\u2019instant.<\/p>\n<p data-start=\"1290\" data-end=\"1590\">\u00ab Concernant l\u2019avenir, je<br \/>\npense \u00eatre tr\u00e8s confiant d\u2019\u00eatre sur la grille l\u2019an prochain, mais<br \/>\nen tout cas il est encore trop t\u00f4t pour tout expliquer. Mais nous<br \/>\ntravaillons, nous travaillons, et je pense que c\u2019est un grand<br \/>\nprojet. Mais pour le moment, nous ne pouvons pas encore en montrer<br \/>\nbeaucoup.\u00a0Je ne peux rien confirmer, mais je sais que<br \/>\nGelete Nieto et mon fr\u00e8re travaillent dur pour moi, pour trouver la<br \/>\nmeilleure situation possible. J\u2019esp\u00e8re que nous pourrons tout<br \/>\nconfirmer le plus vite possible, mais en tout cas, je ne confirme<br \/>\nrien pour l\u2019instant, ce n\u2019est pas mon r\u00f4le, et je suis concentr\u00e9<br \/>\nsur la derni\u00e8re partie du championnat. \u00bb<\/p>\n<p data-start=\"1290\" data-end=\"1590\">Apparemment le projet en<br \/>\nquestion consiste \u00e0 construire son propre team, avec certains des<br \/>\ntechniciens exp\u00e9riment\u00e9s du paddock.<\/p>\n<p data-start=\"1290\" data-end=\"1590\">Puis, le journaliste de<br \/>\n<strong><a href=\"https:\/\/www.worldsbk.com\/fr\/videos\/2025\/2025%20WorldSBK%20Estoril%20D01%20Iannone%20Interview\" target=\"_blank\" rel=\"noopener nofollow\">WorldSBK.com<\/a><\/strong> a demand\u00e9<br \/>\n: \u00ab\u00a0l\u2019an dernier, presque jour pour jour, vous aviez fait<br \/>\nune apparition unique en MotoGP \u00e0 Sepang pour remplacer un pilote<br \/>\nDucati bless\u00e9. Cette ann\u00e9e, lorsque le championnat ira \u00e0 Sepang \u00e0<br \/>\nnouveau, il y aura une autre absence, celle de Marc M\u00e1rquez. Y<br \/>\na-t-il eu des discussions cette ann\u00e9e pour \u00e9ventuellement refaire<br \/>\nune apparition sp\u00e9ciale l\u00e0-bas ?\u00a0\u00bb<\/p>\n<p data-start=\"1290\" data-end=\"1590\"><strong>Andrea<br \/>\nIannone<\/strong> a eu l\u2019air surpris, puis a r\u00e9pondu\u2026<\/p>\n<p data-start=\"2420\" data-end=\"2762\" data-is-last-node=\"\" data-is-only-node=\"\">\u00ab Pourquoi cette question (rires) ? Vous<br \/>\nsavez quelque chose de plus que moi, ou non ? OK, non, non, non.<br \/>\nJ\u2019ai parl\u00e9 avec quelques personnes chez Ducati, mais ce n\u2019est que<br \/>\nde la fantaisie pour le moment. Ce n\u2019est rien d\u2019officiel. En tout<br \/>\ncas, comme je le sais, nous sommes \u00e0 Estoril, et je suis concentr\u00e9<br \/>\nsur ces courses du World Superbike. \u00bb<\/p>\n<p data-start=\"2420\" data-end=\"2762\" data-is-last-node=\"\" data-is-only-node=\"\"><strong>Marc Marquez<\/strong>, bless\u00e9 \u00e0 la<br \/>\nclavicule, a \u00e9t\u00e9 annonc\u00e9 absent pour au moins deux Grand Prix.<br \/>R\u00e9glementairement, Ducati n\u2019\u00e9tait pas oblig\u00e9 de le remplacer en<br \/>\nAustralie, mais a logiquement choisi d\u2019y <a href=\"https:\/\/www.paddock-gp.com\/motogp-breaking-news-on-connait-enfin-le-nom-du-remplacant-de-marc-marquez\/\" target=\"_blank\" rel=\"noopener nofollow\">aligner leur pilote d\u2019essai<br \/>\n<strong>Michele Pirro<\/strong> sous les couleurs<br \/>\nofficielles<\/a>.<br \/>On ne sait encore rien concernant Sepang, en Malaisie, o\u00f9 l\u00e0 le<br \/>\nremplacement est obligatoire.<br \/>Dans une p\u00e9riode o\u00f9 Ducati semble avoir beaucoup de travail pour<br \/>\nmaintenir sa domination et pr\u00e9parer les saisons 2026 et 2027, il<br \/>\nserait toutefois \u00e9tonnant de ne pas y employer \u00e0 nouveau le num\u00e9ro<br \/>\n51\u2026<\/p>\n<p data-start=\"2420\" data-end=\"2762\" data-is-last-node=\"\" data-is-only-node=\"\"><img loading=\"lazy\" decoding=\"async\" class=\"aligncenter size-full wp-image-1243950\" src=\"https:\/\/www.europesays.com\/fr\/wp-content\/uploads\/2025\/10\/iannone5.jpg\" alt=\"\" width=\"799\" height=\"533\"  \/><\/p>\n<p data-start=\"2420\" data-end=\"2762\" data-is-last-node=\"\" data-is-only-node=\"\">MotoGP Iannone<br \/>\nMotoGP Iannone<\/p>\n","protected":false},"excerpt":{"rendered":"La rumeur d\u2019un retour d\u2019Andrea Iannone en MotoGP pour assurer le remplacement de Marc Marquez en Malaisie n\u2019est,&hellip;\n","protected":false},"author":2,"featured_media":455039,"comment_status":"","ping_status":"","sticky":false,"template":"","format":"standard","meta":{"footnotes":""},"categories":[1413],"tags":[1011,27,1457,1456,60],"class_list":{"0":"post-456121","1":"post","2":"type-post","3":"status-publish","4":"format-standard","5":"has-post-thumbnail","7":"category-moto","8":"tag-fr","9":"tag-france","10":"tag-moto","11":"tag-motocycle","12":"tag-sports"},"share_on_mastodon":{"url":"https:\/\/pubeurope.com\/@fr\/115358093431939550","error":""},"_links":{"self":[{"href":"https:\/\/www.europesays.com\/fr\/wp-json\/wp\/v2\/posts\/456121","targetHints":{"allow":["GET"]}}],"collection":[{"href":"https:\/\/www.europesays.com\/fr\/wp-json\/wp\/v2\/posts"}],"about":[{"href":"https:\/\/www.europesays.com\/fr\/wp-json\/wp\/v2\/types\/post"}],"author":[{"embeddable":true,"href":"https:\/\/www.europesays.com\/fr\/wp-json\/wp\/v2\/users\/2"}],"replies":[{"embeddable":true,"href":"https:\/\/www.europesays.com\/fr\/wp-json\/wp\/v2\/comments?post=456121"}],"version-history":[{"count":0,"href":"https:\/\/www.europesays.com\/fr\/wp-json\/wp\/v2\/posts\/456121\/revisions"}],"wp:featuredmedia":[{"embeddable":true,"href":"https:\/\/www.europesays.com\/fr\/wp-json\/wp\/v2\/media\/455039"}],"wp:attachment":[{"href":"https:\/\/www.europesays.com\/fr\/wp-json\/wp\/v2\/media?parent=456121"}],"wp:term":[{"taxonomy":"category","embeddable":true,"href":"https:\/\/www.europesays.com\/fr\/wp-json\/wp\/v2\/categories?post=456121"},{"taxonomy":"post_tag","embeddable":true,"href":"https:\/\/www.europesays.com\/fr\/wp-json\/wp\/v2\/tags?post=456121"}],"curies":[{"name":"wp","href":"https:\/\/api.w.org\/{rel}","templated":true}]}}