{"id":456122,"date":"2025-10-11T23:19:13","date_gmt":"2025-10-11T23:19:13","guid":{"rendered":"https:\/\/www.europesays.com\/fr\/456122\/"},"modified":"2025-10-11T23:19:13","modified_gmt":"2025-10-11T23:19:13","slug":"quand-alonso-offrait-1000-euros-a-ses-mecaniciens-et-que-mclaren-senervait","status":"publish","type":"post","link":"https:\/\/www.europesays.com\/fr\/456122\/","title":{"rendered":"Quand Alonso offrait 1000 euros \u00e0 ses m\u00e9caniciens\u2026 et que McLaren s\u2019\u00e9nervait"},"content":{"rendered":"<p itemprop=\"description\">Un geste g\u00e9n\u00e9reux de Fernando Alonso fut<br \/>\nmal per\u00e7u chez McLaren, r\u00e9v\u00e9lant les tensions humaines derri\u00e8re le<br \/>\nconflit avec Lewis Hamilton.<\/p>\n<p>En 2007, lors de sa premi\u00e8re saison chez <a href=\"https:\/\/f1i.autojournal.fr\/dossiers\/ecuries-de-f1\/mclaren-f1-team-357173.html\" target=\"_blank\" rel=\"noopener\"><br \/>\nMcLaren<\/a>, <a href=\"https:\/\/f1i.autojournal.fr\/dossiers\/pilotes-de-f1\/f1-fernando-alonso-624937.html\" target=\"_blank\" rel=\"noopener\"><br \/>\nFernando Alonso<\/a> avait offert \u00e0 chacun de ses m\u00e9caniciens une<br \/>\nenveloppe contenant 1000 euros.<\/p>\n<p><a href=\"https:\/\/f1i.autojournal.fr\/magazine\/magazine-features\/analyse\/a-quoi-servent-ingenieurs-week-end-de-grand-prix\/\" target=\"_blank\" rel=\"noopener\"><br \/>\nMark Slade, son ing\u00e9nieur de l\u2019\u00e9poque<\/a>, raconte sur la cha\u00eene<br \/>\nYouTube du c\u00e9l\u00e8bre journaliste Peter Windsor, que ce geste, courant<br \/>\nchez Renault, a provoqu\u00e9 la col\u00e8re de la direction McLaren.<\/p>\n<p>Alonso : \u201cChez Renault, je partageais mes gains avec mon<br \/>\n\u00e9quipe\u201d<\/p>\n<p>\u201cFernando est apparu au fond du garage avec des<br \/>\nenveloppes, raconte Slade (ci-dessous avec Alonso), en<br \/>\nnous disant : \u2018Chez Renault, j\u2019aimais partager mes gains avec<br \/>\nmon \u00e9quipe, et je voulais vous montrer ma reconnaissance\u2019.<br \/>\nQuand nous avons ouvert les enveloppes, nous \u00e9tions sid\u00e9r\u00e9s,<br \/>\nmais touch\u00e9s.\u201d<\/p>\n<p>\u201cUn peu plus tard, Dave Ryan [le team manager de l\u2019\u00e9poque]<br \/>\nest entr\u00e9 dans le motorhome avec une mine furieuse. Il a lanc\u00e9<br \/>\n: \u2018Vous devez me remettre tout l\u2019argent, au nom de l\u2019\u00e9quipe.<br \/>\nC\u2019est compl\u00e8tement scandaleux, je ne veux pas voir ce genre de<br \/>\npratique dans l\u2019\u00e9quipe.\u2019\u201d<\/p>\n<p><img loading=\"lazy\" decoding=\"async\" itemprop=\"thumbnailUrl\" class=\"alignnone size-full wp-image-654122\" src=\"https:\/\/www.europesays.com\/fr\/wp-content\/uploads\/2025\/10\/f1-alonso-enveloppes-mclaren-euros-hamilton-slade.jpg\" alt=\"\" width=\"710\" height=\"475\"  \/> \u00a9 XPB Images \/ Laurent<br \/>\nCharniaux<\/p>\n<p>\u201cIl a en substance ajout\u00e9 : \u2018Quiconque ne rend pas son<br \/>\nargent sera licenci\u00e9.\u2019 Je crois que les enveloppes ont \u00e9t\u00e9<br \/>\nrendues \u00e0 Fernando et qu\u2019on lui a dit de ne plus jamais le<br \/>\nfaire.\u201d<\/p>\n<p>\u201cJe n\u2019ai pas eu l\u2019impression que [Fernando] essayait<br \/>\nd\u2019acheter la loyaut\u00e9 de ses m\u00e9caniciens. Je pense que c\u2019\u00e9tait une<br \/>\npratique normale \u00e0 l\u2019\u00e9poque. D\u2019apr\u00e8s ce que j\u2019ai compris, c\u2019\u00e9tait<br \/>\nvrai qu\u2019il avait d\u00e9j\u00e0 offert des choses \u00e0 son \u00e9quipe chez<br \/>\nRenault.\u201d<\/p>\n<p><strong>Le r\u00f4le de Hamilton dans la brouille<\/strong><\/p>\n<p>Mark Slade souligne \u00e9galement que <a href=\"https:\/\/f1i.autojournal.fr\/dossiers\/pilotes-de-f1\/lewis-hamilton-f1-356976.html\" target=\"_blank\" rel=\"noopener\"><br \/>\nLewis Hamilton<\/a> et son p\u00e8re ont jou\u00e9 un r\u00f4le sous-estim\u00e9 dans<br \/>\nles tensions internes :<\/p>\n<p>\u201cCertaines choses ont \u00e9t\u00e9 d\u00e9clench\u00e9es par le camp de Lewis \u2013<br \/>\nlui et son p\u00e8re \u2013 et cela a empir\u00e9 les relations. Fernando ne<br \/>\ncorrespondait simplement pas \u00e0 McLaren, et la situation s\u2019est<br \/>\naggrav\u00e9e apr\u00e8s Monaco.\u201d<\/p>\n<p>Cette r\u00e9f\u00e9rence au Grand Prix de Monaco 2007 se r\u00e9f\u00e8re \u00e0<br \/>\nl\u2019\u00e9pisode o\u00f9 Alonso termina vainqueur alors qu\u2019Hamilton, contraint<br \/>\nde rester derri\u00e8re, avait \u00e9t\u00e9 frein\u00e9 par des consigne de l\u2019\u00e9quipe.<br \/>\nL\u2019incident, bien qu\u2019investigu\u00e9 par la FIA, ne donna lieu \u00e0 aucune<br \/>\nsanction \u00e0 l\u00a0\u00bbencontre McLaren.<\/p>\n","protected":false},"excerpt":{"rendered":"Un geste g\u00e9n\u00e9reux de Fernando Alonso fut mal per\u00e7u chez McLaren, r\u00e9v\u00e9lant les tensions humaines derri\u00e8re le conflit&hellip;\n","protected":false},"author":2,"featured_media":456123,"comment_status":"","ping_status":"","sticky":false,"template":"","format":"standard","meta":{"footnotes":""},"categories":[1412],"tags":[1451,1710,1452,1453,1454,1455,1011,27,4475,60],"class_list":{"0":"post-456122","1":"post","2":"type-post","3":"status-publish","4":"format-standard","5":"has-post-thumbnail","7":"category-f1","8":"tag-f1","9":"tag-fernando-alonso","10":"tag-formula-1","11":"tag-formula1","12":"tag-formule-1","13":"tag-formule1","14":"tag-fr","15":"tag-france","16":"tag-mclaren","17":"tag-sports"},"share_on_mastodon":{"url":"https:\/\/pubeurope.com\/@fr\/115358097163629258","error":""},"_links":{"self":[{"href":"https:\/\/www.europesays.com\/fr\/wp-json\/wp\/v2\/posts\/456122","targetHints":{"allow":["GET"]}}],"collection":[{"href":"https:\/\/www.europesays.com\/fr\/wp-json\/wp\/v2\/posts"}],"about":[{"href":"https:\/\/www.europesays.com\/fr\/wp-json\/wp\/v2\/types\/post"}],"author":[{"embeddable":true,"href":"https:\/\/www.europesays.com\/fr\/wp-json\/wp\/v2\/users\/2"}],"replies":[{"embeddable":true,"href":"https:\/\/www.europesays.com\/fr\/wp-json\/wp\/v2\/comments?post=456122"}],"version-history":[{"count":0,"href":"https:\/\/www.europesays.com\/fr\/wp-json\/wp\/v2\/posts\/456122\/revisions"}],"wp:featuredmedia":[{"embeddable":true,"href":"https:\/\/www.europesays.com\/fr\/wp-json\/wp\/v2\/media\/456123"}],"wp:attachment":[{"href":"https:\/\/www.europesays.com\/fr\/wp-json\/wp\/v2\/media?parent=456122"}],"wp:term":[{"taxonomy":"category","embeddable":true,"href":"https:\/\/www.europesays.com\/fr\/wp-json\/wp\/v2\/categories?post=456122"},{"taxonomy":"post_tag","embeddable":true,"href":"https:\/\/www.europesays.com\/fr\/wp-json\/wp\/v2\/tags?post=456122"}],"curies":[{"name":"wp","href":"https:\/\/api.w.org\/{rel}","templated":true}]}}