{"id":456130,"date":"2025-10-11T23:24:13","date_gmt":"2025-10-11T23:24:13","guid":{"rendered":"https:\/\/www.europesays.com\/fr\/456130\/"},"modified":"2025-10-11T23:24:13","modified_gmt":"2025-10-11T23:24:13","slug":"lucienne-kaminski-signe-un-nouvel-ouvrage","status":"publish","type":"post","link":"https:\/\/www.europesays.com\/fr\/456130\/","title":{"rendered":"Lucienne Kaminski signe un nouvel ouvrage"},"content":{"rendered":"<p>\n                                                                Apr\u00e8s \u00ab\u00a0Le cadavre du parc\u00a0\u00bb et \u00ab\u00a0Drame sur le bolong\u00a0\u00bb, Lucienne Kaminski, correspondante de notre titre signe \u00ab\u00a0La ch\u2019tite Pologne\u00a0\u00bb. Enqu\u00eate dans une belle r\u00e9gion du nord de la France.\n                            <\/p>\n<p>Depuis toujours, l\u2019\u00e9criture c\u2019est sa passion. Adolescente d\u00e9j\u00e0, Lucienne Kaminski aimait prendre la plume pour \u00e9crire des nouvelles ou encore des po\u00e8mes, nourrissant le r\u00eave secret d\u2019\u00e9crire un jour un ouvrage. Dans un tout autre style, depuis 2005, d\u00e9j\u00e0 vingt ans, elle collabore avec la D\u00e9p\u00eache du Midi comme correspondante. Correspondante de sa commune, Villasavary, de Castelnaudary aussi o\u00f9 elle a des activit\u00e9s associatives. Les occasions ne lui ont pas manqu\u00e9 de r\u00e9aliser des interviews d\u2019auteurs locaux qui eux, s\u2019\u00e9taient lanc\u00e9s dans la r\u00e9daction d\u2019un ouvrage au point qu\u2019elle s\u2019est dit : \u00ab\u00a0Et si, moi aussi, j\u2019osais ?\u00a0\u00bb.<\/p>\n<p>\u00ab\u00a0Le cadavre du parc\u00a0\u00bb a \u00e9t\u00e9 son tout premier roman. Un policier qu\u2019elle situe en terres audoises entre Narbonne et Castelnaudary ! Louise, une adolescente de 16 ans sera son h\u00e9ro\u00efne. En m\u00eame temps qu\u2019une intrigue, elle travaille le portrait de cette jeune fille introvertie, tourment\u00e9e, parce que mal aim\u00e9e par ses parents, mais aussi celui de son entourage. Le coup d\u2019essai est un coup de ma\u00eetre avec un joli succ\u00e8s \u00e0 la cl\u00e9 pour ce premier opus qui du coup, est suivi d\u2019un second tome \u00ab\u00a0Drame sur le bolong\u00a0\u00bb .<\/p>\n<p>Cette fois, Lucienne emm\u00e8ne sa Louise au S\u00e9n\u00e9gal, dans une r\u00e9gion qu\u2019elle-m\u00eame conna\u00eet bien pour y \u00eatre all\u00e9e \u00e0 plusieurs reprises et y avoir des attaches, des liens forts : la Casamance. L\u00e0, l\u2019auteur, au-del\u00e0 de l\u2019intrigue polici\u00e8re nous fait d\u00e9couvrir les valeurs de tol\u00e9rance du peuple Diola qui y vit, les traditions ancestrales de cette r\u00e9gion verdoyante d\u2019Afrique, ses bolongs, ces bras de mers dont l\u2019eau sal\u00e9e se m\u00eale \u00e0 celle des cours d\u2019eau et se perdent dans la mangrove. Elle le fait avec un regard juste, plein d\u2019affection mais lucide aussi. D\u00e9paysement assur\u00e9 avec ce second roman qui nous fait participer au boukout, une c\u00e9r\u00e9monie initiatique diola, th\u00e9\u00e2tre de cette seconde enqu\u00eate polici\u00e8re !<\/p>\n<p>Et voici \u00e0 pr\u00e9sent, un troisi\u00e8me ouvrage, \u00ab\u00a0La Ch\u2019tite Pologne, L\u2019oubli\u00e9e de la mine\u00a0\u00bb situ\u00e9 cette fois dans le Nord de la France, \u00e0 Lille. Louise qui a grandi, elle a, \u00e0 pr\u00e9sent 18 ans, y vient pour un s\u00e9jour dans sa famille maternelle et emm\u00e8ne avec elle ces policiers audois devenus ses amis au fil de ses aventures parce qu\u2019\u00e9mus par cette jeune fille. Au fil de ses recherches, Lucienne tombe sous le charme de cette r\u00e9gion du Nord. Lille, capitale culturelle europ\u00e9enne, ville magnifique de tradition avec son riche pass\u00e9 la passionne. Le r\u00e9cit d\u2019enqu\u00eate polici\u00e8re est au c\u0153ur m\u00eame de cette histoire li\u00e9e au pass\u00e9 minier des Hauts-de-France, \u00e0 ces immigr\u00e9s polonais qui, dans les ann\u00e9es 1920, sont venus y travailler. L\u2019occasion pour l\u2019auteur de les raconter mais aussi et surtout d\u2019\u00e9voquer ces femmes, ouvri\u00e8res oubli\u00e9es qui, elle aussi, travaillaient \u00e0 la mine. Le r\u00e9cit est extr\u00eamement bien document\u00e9, captivant et l\u2019\u00e9quilibre entre enqu\u00eate polici\u00e8re et r\u00e9f\u00e9rences historiques absolument parfait. L\u2019auteur a fouill\u00e9, abouti les caract\u00e8res de ses personnages principaux qui suivent Louise depuis le d\u00e9but. En s\u2019int\u00e9ressant aux traditions de cette r\u00e9gion que l\u2019on conna\u00eet finalement mal dans notre Midi si ce n\u2019est par les livres d\u2019Histoire, elle la fait d\u00e9couvrir \u00e0 ses lecteurs avec humour, \u00e9motion\u2026 et une enqu\u00eate bien ficel\u00e9e !<\/p>\n<p>On peut rencontrer Lucienne dans divers salons du livre ou la contacter au 06 72 55 92 07.<\/p>\n","protected":false},"excerpt":{"rendered":"Apr\u00e8s \u00ab\u00a0Le cadavre du parc\u00a0\u00bb et \u00ab\u00a0Drame sur le bolong\u00a0\u00bb, Lucienne Kaminski, correspondante de notre titre signe \u00ab\u00a0La&hellip;\n","protected":false},"author":2,"featured_media":456131,"comment_status":"","ping_status":"","sticky":false,"template":"","format":"standard","meta":{"footnotes":""},"categories":[1357],"tags":[1379,58,59,1011,27,1380],"class_list":{"0":"post-456130","1":"post","2":"type-post","3":"status-publish","4":"format-standard","5":"has-post-thumbnail","7":"category-livres","8":"tag-books","9":"tag-divertissement","10":"tag-entertainment","11":"tag-fr","12":"tag-france","13":"tag-livres"},"share_on_mastodon":{"url":"https:\/\/pubeurope.com\/@fr\/115358116497756061","error":""},"_links":{"self":[{"href":"https:\/\/www.europesays.com\/fr\/wp-json\/wp\/v2\/posts\/456130","targetHints":{"allow":["GET"]}}],"collection":[{"href":"https:\/\/www.europesays.com\/fr\/wp-json\/wp\/v2\/posts"}],"about":[{"href":"https:\/\/www.europesays.com\/fr\/wp-json\/wp\/v2\/types\/post"}],"author":[{"embeddable":true,"href":"https:\/\/www.europesays.com\/fr\/wp-json\/wp\/v2\/users\/2"}],"replies":[{"embeddable":true,"href":"https:\/\/www.europesays.com\/fr\/wp-json\/wp\/v2\/comments?post=456130"}],"version-history":[{"count":0,"href":"https:\/\/www.europesays.com\/fr\/wp-json\/wp\/v2\/posts\/456130\/revisions"}],"wp:featuredmedia":[{"embeddable":true,"href":"https:\/\/www.europesays.com\/fr\/wp-json\/wp\/v2\/media\/456131"}],"wp:attachment":[{"href":"https:\/\/www.europesays.com\/fr\/wp-json\/wp\/v2\/media?parent=456130"}],"wp:term":[{"taxonomy":"category","embeddable":true,"href":"https:\/\/www.europesays.com\/fr\/wp-json\/wp\/v2\/categories?post=456130"},{"taxonomy":"post_tag","embeddable":true,"href":"https:\/\/www.europesays.com\/fr\/wp-json\/wp\/v2\/tags?post=456130"}],"curies":[{"name":"wp","href":"https:\/\/api.w.org\/{rel}","templated":true}]}}