{"id":456148,"date":"2025-10-11T23:33:15","date_gmt":"2025-10-11T23:33:15","guid":{"rendered":"https:\/\/www.europesays.com\/fr\/456148\/"},"modified":"2025-10-11T23:33:15","modified_gmt":"2025-10-11T23:33:15","slug":"en-israel-vive-emotion-apres-le-suicide-dun-survivant-du-7-octobre","status":"publish","type":"post","link":"https:\/\/www.europesays.com\/fr\/456148\/","title":{"rendered":"En Isra\u00ebl, vive \u00e9motion apr\u00e8s le suicide d\u2019un survivant du 7-Octobre"},"content":{"rendered":"<p>        <img decoding=\"async\" loading=\"lazy\" src=\"https:\/\/www.europesays.com\/fr\/wp-content\/uploads\/2025\/10\/62af33e_upload-1-lfc9ggedkjdb-afp-20251011-78ga4jk-v2-highres-topshotiasraelpalestinianconflicthosta.jpeg\"  width=\"728\" height=\"410\" alt=\"Des manifestants lors d\u2019un rassemblement sur la place des otages \u00e0 Tel-Aviv, en Isra\u00ebl, le 11\u00a0octobre 2025.\"\/>  <\/p>\n<p>JACK GUEZ \/ AFP<\/p>\n<p>Des manifestants lors d\u2019un rassemblement sur la place des otages \u00e0 Tel-Aviv, en Isra\u00ebl, le 11\u00a0octobre 2025.<\/p>\n<p class=\"asset asset-text\">ISRA\u00cbL &#8211; Le suicide de Roei Shalev, un survivant du massacre perp\u00e9tr\u00e9 par le <a href=\"https:\/\/www.huffingtonpost.fr\/international\/article\/gaza-le-hamas-balaye-une-mesure-presente-dans-le-plan-de-paix-de-donald-trump_255876.html\" target=\"_blank\" rel=\"noopener\">Hamas<\/a> le 7\u00a0octobre\u00a02023 au festival de musique Nova, a suscit\u00e9 ce samedi 11\u00a0octobre une vague d\u2019\u00e9motion en <a href=\"https:\/\/www.huffingtonpost.fr\/international\/article\/israel-approuve-l-accord-avec-le-hamas-pour-liberer-ses-otages-vivants-ou-decedes-retenus-a-gaza_255821.html\" target=\"_blank\" rel=\"noopener\">Isra\u00ebl<\/a>.<\/p>\n<p class=\"asset asset-text\">Le corps de Roei Shalev, dont la compagne et le meilleur ami avaient \u00e9t\u00e9 tu\u00e9s le 7-Octobre, a \u00e9t\u00e9 d\u00e9couvert vendredi soir dans sa voiture br\u00fbl\u00e9e au nord de Tel-Aviv, selon les m\u00e9dias isra\u00e9liens, quelques heures apr\u00e8s l\u2019entr\u00e9e en vigueur d\u2019un nouveau cessez-le-feu dans la guerre entre Isra\u00ebl et le Hamas.<\/p>\n<p class=\"asset asset-text\">\u00ab\u00a0Je ne peux plus supporter cette douleur, je br\u00fble de l\u2019int\u00e9rieur [&#8230;] Je veux juste que cette douleur s\u2019arr\u00eate\u00a0\u00bb, avait-il \u00e9crit quelques heures auparavant sur son compte Instagram.<\/p>\n<p class=\"asset asset-text\">Plusieurs personnalit\u00e9s politiques de l\u2019opposition, qui, contrairement \u00e0 la majorit\u00e9 des membres de la coalition gouvernementale, continuent d\u2019utiliser les r\u00e9seaux sociaux pendant le shabbat (le repos hebdomadaire juif), lui ont rendu hommage.<\/p>\n<p class=\"asset asset-text\">Certains d\u2019entre eux ont appel\u00e9 \u00e0 une meilleure prise en charge des survivants des attaques du 7-Octobre, une demande qui revient r\u00e9guli\u00e8rement dans le d\u00e9bat public isra\u00e9lien.<\/p>\n<p>    La m\u00e8re de Roei Shalev s\u2019\u00e9tait aussi suicid\u00e9e    <\/p>\n<p class=\"asset asset-text\">\u00ab\u00a0Il est temps que l\u2019\u00c9tat d\u2019Isra\u00ebl traite ceux qui souffrent de probl\u00e8mes de sant\u00e9 mentale comme des h\u00e9ros \u2013 pas comme des statistiques\u00a0\u00bb, a \u00e9crit Avigdor Lieberman, chef du parti nationaliste Isra\u00ebl Beiteinou, et ancien ministre.<\/p>\n<p class=\"asset asset-text\">\u00ab\u00a0Roei n\u2019a pas pu supporter la douleur, mais d\u2019autres sont encore l\u00e0, se battant, faisant face, essayant de vivre. Nous devons leur apporter toute l\u2019aide possible \u2013 afin qu\u2019ils ne se sentent pas seuls\u00a0\u00bb, a \u00e9galement comment\u00e9 Ya\u00efr Golan, chef de la formation de gauche Les D\u00e9mocrates.<\/p>\n<p class=\"asset asset-text\">La petite amie de Roei Shalev, Mapal Adam, et son meilleur ami, Hili Solomon, ont \u00e9t\u00e9 tu\u00e9s sous ses yeux lors du festival de musique Nova dans le sud d\u2019Isra\u00ebl, tandis qu\u2019il a \u00e9t\u00e9 lui bless\u00e9 par les commandos venus de la bande de Gaza. Les trois jeunes gens tentaient de se cacher sous des voitures lorsque le site du festival a \u00e9t\u00e9 pris d\u2019assaut.<\/p>\n<p class=\"asset asset-text\">Avec plus de 370 morts, le festival Nova a \u00e9t\u00e9 le th\u00e9\u00e2tre du pire massacre commis le 7\u00a0octobre\u00a02023 lors de l\u2019attaque sans pr\u00e9c\u00e9dent du Hamas, qui a d\u00e9clench\u00e9 la guerre dans la bande de Gaza.<\/p>\n<p class=\"asset asset-text\">Deux semaines apr\u00e8s le massacre, la m\u00e8re de Roei Shalev s\u2019\u00e9tait suicid\u00e9e. Selon plusieurs m\u00e9dias isra\u00e9liens, elle \u00e9tait tr\u00e8s proche de la compagne de son fils, et avait \u00e9t\u00e9 an\u00e9antie par sa mort.<\/p>\n","protected":false},"excerpt":{"rendered":"JACK GUEZ \/ AFP Des manifestants lors d\u2019un rassemblement sur la place des otages \u00e0 Tel-Aviv, en Isra\u00ebl,&hellip;\n","protected":false},"author":2,"featured_media":456149,"comment_status":"","ping_status":"","sticky":false,"template":"","format":"standard","meta":{"footnotes":""},"categories":[5],"tags":[11,1011,27,665,3519,14,664,12,19141,28],"class_list":{"0":"post-456148","1":"post","2":"type-post","3":"status-publish","4":"format-standard","5":"has-post-thumbnail","7":"category-international","8":"tag-actualites","9":"tag-fr","10":"tag-france","11":"tag-gaza","12":"tag-hamas","13":"tag-international","14":"tag-israel","15":"tag-news","16":"tag-otages","17":"tag-world"},"share_on_mastodon":{"url":"https:\/\/pubeurope.com\/@fr\/115358151852066892","error":""},"_links":{"self":[{"href":"https:\/\/www.europesays.com\/fr\/wp-json\/wp\/v2\/posts\/456148","targetHints":{"allow":["GET"]}}],"collection":[{"href":"https:\/\/www.europesays.com\/fr\/wp-json\/wp\/v2\/posts"}],"about":[{"href":"https:\/\/www.europesays.com\/fr\/wp-json\/wp\/v2\/types\/post"}],"author":[{"embeddable":true,"href":"https:\/\/www.europesays.com\/fr\/wp-json\/wp\/v2\/users\/2"}],"replies":[{"embeddable":true,"href":"https:\/\/www.europesays.com\/fr\/wp-json\/wp\/v2\/comments?post=456148"}],"version-history":[{"count":0,"href":"https:\/\/www.europesays.com\/fr\/wp-json\/wp\/v2\/posts\/456148\/revisions"}],"wp:featuredmedia":[{"embeddable":true,"href":"https:\/\/www.europesays.com\/fr\/wp-json\/wp\/v2\/media\/456149"}],"wp:attachment":[{"href":"https:\/\/www.europesays.com\/fr\/wp-json\/wp\/v2\/media?parent=456148"}],"wp:term":[{"taxonomy":"category","embeddable":true,"href":"https:\/\/www.europesays.com\/fr\/wp-json\/wp\/v2\/categories?post=456148"},{"taxonomy":"post_tag","embeddable":true,"href":"https:\/\/www.europesays.com\/fr\/wp-json\/wp\/v2\/tags?post=456148"}],"curies":[{"name":"wp","href":"https:\/\/api.w.org\/{rel}","templated":true}]}}