{"id":456150,"date":"2025-10-11T23:34:10","date_gmt":"2025-10-11T23:34:10","guid":{"rendered":"https:\/\/www.europesays.com\/fr\/456150\/"},"modified":"2025-10-11T23:34:10","modified_gmt":"2025-10-11T23:34:10","slug":"un-grand-nombre-de-jeunes-auraient-besoin-dantidepresseurs","status":"publish","type":"post","link":"https:\/\/www.europesays.com\/fr\/456150\/","title":{"rendered":"\u00abUn grand nombre de jeunes auraient besoin d\u2019antid\u00e9presseurs\u00bb"},"content":{"rendered":"<p>\n    <strong>D\u00c9CRYPTAGE &#8211;<\/strong> Avec la grande cause nationale 2025 d\u00e9di\u00e9e \u00e0 la sant\u00e9 mentale, le gouvernement veut lutter contre la stigmatisation et le manque d\u2019information. Le chemin \u00e0 parcourir pour rep\u00e9rer les troubles mentaux plus pr\u00e9cocement et mieux accompagner les patients semble encore long et difficile.<\/p>\n<p class=\"fig-paragraph\">Sommes-nous tous concern\u00e9s\u00a0? Selon l\u2019assurance-maladie, un Fran\u00e7ais sur quatre souffrira\u00a0<a href=\"http:\/\/sante.lefigaro.fr\/medecine\/trouble-mental-moins-d-une-personne-sur-dix-recoit-un-traitement-adapte-20250210\" data-fig-type=\"Article\" data-gtm-custom-categorie=\"navigation\" data-gtm-custom-action=\"crossclick\" data-gtm-custom-label=\"Contextuel\" data-gtm-event=\"customEventSPE\" data-fig-domain=\"SANTE\" target=\"_blank\" rel=\"noopener\">d\u2019un trouble mental<\/a>\u00a0\u00e0 un moment de sa vie. Sans doute la partie visible de l\u2019iceberg. \u00ab En r\u00e9alit\u00e9, il faudrait parler d\u2019une personne sur deux\u00a0\u00bb, affirme le Pr Michel Lejoyeux (1), chef du service de psychiatrie et addictologie \u00e0 l\u2019h\u00f4pital Bichat \u00e0 Paris, pilote de la grande cause nationale 2025. Des t\u00e9nors de la recherche en ce domaine, les Prs Caspi et Moffitt de l\u2019universit\u00e9 Duke aux \u00c9tats-Unis, ont suivi un millier d\u2019enfants n\u00e9s en Nouvelle-Z\u00e9lande. Pr\u00e8s de deux tiers d\u2019entre eux, en atteignant la trentaine, pr\u00e9sentaient au moins un trouble psychique\u00a0: anxi\u00e9t\u00e9, d\u00e9pression, addiction, bipolarit\u00e9, troubles du comportement alimentaire\u2026 \u00c0 45 ans, ils \u00e9taient 86 %\u00a0!<\/p>\n<p class=\"fig-paragraph\">Des r\u00e9sultats qu\u2019on retrouve dans une vaste \u00e9tude portant sur 6 millions de Danois. \u00ab Plus nous avan\u00e7ons en \u00e2ge et plus le risque augmente\u00a0: nous serons presque tous confront\u00e9s \u00e0 une probl\u00e9matique de sant\u00e9 mentale\u2026<\/p>\n<p class=\"fig-premium-paywall__infos\">\n        Cet article est r\u00e9serv\u00e9 aux abonn\u00e9s.        Il vous reste 91% \u00e0 d\u00e9couvrir.\n    <\/p>\n<p>                <img  data- alt=\"Le Figaro\" class=\"fig-img--complete fig-img\"\/><\/p>\n<p class=\"fig-premium-paywall__title\">J-100, Le Figaro f\u00eate ses 200 ans<\/p>\n<p class=\"fig-premium-paywall__subtitle\">Offre anniversaire : 2\u20ac\/mois pendant 200 semaines<\/p>\n<p class=\"fig-premium-paywall__connect\">\n                D\u00e9j\u00e0 abonn\u00e9\u00a0?                <a class=\"fig-premium-paywall__connect-link\" href=\"https:\/\/connect.lefigaro.fr\/login?client=horizon_web&amp;type=main&amp;redirect_uri=https%3A%2F%2Fwww.lefigaro.fr%2Factualite-france%2Fpr-olivier-bonnot-pedopsychiatre-un-grand-nombre-de-jeunes-auraient-besoin-d-antidepresseurs-20251011\" data-js-gtm=\"{&quot;customCategorie&quot;: &quot;conversion&quot;, &quot;customAction&quot;: &quot;before_Landing_Connexion_paywall_auto&quot;, &quot;customLabel&quot;: &quot;bGVmaWdhcm8uZnJfXzFmMGE1MTE1LTI4OTktNjVjMi1iMGUwLTRmOWU1MWRhOGUwMl9fQXJ0aWNsZQ==_Pr Olivier Bonnot, p\u00e9dopsychiatre\u00a0: \u00abUn grand nombre de jeunes auraient besoin d\u2019antid\u00e9presseurs\u00bb_218&quot;, &quot;customIDSPE&quot;: &quot;bGVmaWdhcm8uZnJfXzFmMGE1MTE1LTI4OTktNjVjMi1iMGUwLTRmOWU1MWRhOGUwMl9fQXJ0aWNsZQ==&quot;, &quot;event&quot;: &quot;customEventSPE&quot;}\" target=\"_blank\" rel=\"noopener\"><br \/>\n                    Connectez-vous<br \/>\n                <\/a>\n            <\/p>\n","protected":false},"excerpt":{"rendered":"D\u00c9CRYPTAGE &#8211; Avec la grande cause nationale 2025 d\u00e9di\u00e9e \u00e0 la sant\u00e9 mentale, le gouvernement veut lutter contre&hellip;\n","protected":false},"author":2,"featured_media":456151,"comment_status":"","ping_status":"","sticky":false,"template":"","format":"standard","meta":{"footnotes":""},"categories":[4],"tags":[11,58139,1011,27,4074,12,25,2072],"class_list":{"0":"post-456150","1":"post","2":"type-post","3":"status-publish","4":"format-standard","5":"has-post-thumbnail","7":"category-france","8":"tag-actualites","9":"tag-antidepresseur","10":"tag-fr","11":"tag-france","12":"tag-jeunes","13":"tag-news","14":"tag-republique-francaise","15":"tag-sante-mentale"},"share_on_mastodon":{"url":"https:\/\/pubeurope.com\/@fr\/115358155784666942","error":""},"_links":{"self":[{"href":"https:\/\/www.europesays.com\/fr\/wp-json\/wp\/v2\/posts\/456150","targetHints":{"allow":["GET"]}}],"collection":[{"href":"https:\/\/www.europesays.com\/fr\/wp-json\/wp\/v2\/posts"}],"about":[{"href":"https:\/\/www.europesays.com\/fr\/wp-json\/wp\/v2\/types\/post"}],"author":[{"embeddable":true,"href":"https:\/\/www.europesays.com\/fr\/wp-json\/wp\/v2\/users\/2"}],"replies":[{"embeddable":true,"href":"https:\/\/www.europesays.com\/fr\/wp-json\/wp\/v2\/comments?post=456150"}],"version-history":[{"count":0,"href":"https:\/\/www.europesays.com\/fr\/wp-json\/wp\/v2\/posts\/456150\/revisions"}],"wp:featuredmedia":[{"embeddable":true,"href":"https:\/\/www.europesays.com\/fr\/wp-json\/wp\/v2\/media\/456151"}],"wp:attachment":[{"href":"https:\/\/www.europesays.com\/fr\/wp-json\/wp\/v2\/media?parent=456150"}],"wp:term":[{"taxonomy":"category","embeddable":true,"href":"https:\/\/www.europesays.com\/fr\/wp-json\/wp\/v2\/categories?post=456150"},{"taxonomy":"post_tag","embeddable":true,"href":"https:\/\/www.europesays.com\/fr\/wp-json\/wp\/v2\/tags?post=456150"}],"curies":[{"name":"wp","href":"https:\/\/api.w.org\/{rel}","templated":true}]}}