{"id":456153,"date":"2025-10-11T23:36:34","date_gmt":"2025-10-11T23:36:34","guid":{"rendered":"https:\/\/www.europesays.com\/fr\/456153\/"},"modified":"2025-10-11T23:36:34","modified_gmt":"2025-10-11T23:36:34","slug":"immeuble-evacue-circulation-coupee-salaries-au-chomage-grosse-pagaille-a-saint-etienne-2","status":"publish","type":"post","link":"https:\/\/www.europesays.com\/fr\/456153\/","title":{"rendered":"Immeuble \u00e9vacu\u00e9, circulation coup\u00e9e, salari\u00e9s au ch\u00f4mage : grosse pagaille \u00e0 Saint-\u00c9tienne"},"content":{"rendered":"<p>Ce vendredi 10 octobre, \u00e0 Saint-\u00c9tienne, les pompiers sont intervenus rue Charles de Gaulle pour une fuite de gaz dans un appartement. Le secteur a \u00e9t\u00e9 boucl\u00e9, des habitants ont \u00e9t\u00e9 \u00e9vacu\u00e9s et des salari\u00e9s sont au ch\u00f4mage technique.<\/p>\n<p>Grosse pagaille \u00e0 Saint-\u00c9tienne depuis la fin de matin\u00e9e. Ce vendredi 10 octobre, les pompiers ont \u00e9t\u00e9 appel\u00e9s pour une intervention au <b>12 rue Charles de Gaulle<\/b> vers 11h30.<\/p>\n<p>Fuite de gaz dans un appartement<\/p>\n<p>\u00c0 la demande de GRDF, ils sont intervenus pour une fuite de gaz dans un appartement du deuxi\u00e8me \u00e9tage d&rsquo;un immeuble.<\/p>\n<p>L&rsquo;ensemble des occupants du b\u00e2timent a \u00e9t\u00e9 \u00e9vacu\u00e9 et rassembl\u00e9 dans un endroit s\u00e9curis\u00e9.<\/p>\n<p>En parall\u00e8le, un p\u00e9rim\u00e8tre de s\u00e9curit\u00e9 a \u00e9t\u00e9 mis en place, la circulation a \u00e9t\u00e9 interdite aux voitures et aux transports en commun.<\/p>\n<p>Un restaurant impact\u00e9<\/p>\n<p>Si l&rsquo;intervention est termin\u00e9e selon la pr\u00e9fecture de la Loire, cette pagaille a une cons\u00e9quence : un \u00e9tablissement de restauration rapide, situ\u00e9 au pied de l&rsquo;immeuble, ne peut plus servir ses clients.<\/p>\n<p>Les douze salari\u00e9s du restaurant sp\u00e9cialis\u00e9 dans le kebab et le tacos sont actuellement au ch\u00f4mage technique pour une dur\u00e9e ind\u00e9termin\u00e9e.<\/p>\n<p><img loading=\"lazy\" decoding=\"async\" src=\"https:\/\/www.europesays.com\/fr\/wp-content\/uploads\/2025\/10\/1760225794_889_img\" width=\"350\" height=\"200\" border=\"0\" title=\"La galerie marchande de Monthieu, \u00c3\u00a0 Saint-Etienne\"\/><\/p>\n<p>\u25baSoci\u00e9t\u00e9<\/p>\n<p style=\"font-size: 22px;\"><b>Saint-\u00c9tienne : une cinquantaine de postes \u00e0 pourvoir \u00e0 la galerie Monthieu<\/b><\/p>\n<p>Le centre commercial st\u00e9phanois accueille un forum&#8230;<\/p>\n<p><\/p>\n","protected":false},"excerpt":{"rendered":"Ce vendredi 10 octobre, \u00e0 Saint-\u00c9tienne, les pompiers sont intervenus rue Charles de Gaulle pour une fuite de&hellip;\n","protected":false},"author":2,"featured_media":452727,"comment_status":"","ping_status":"","sticky":false,"template":"","format":"standard","meta":{"footnotes":""},"categories":[9653],"tags":[1111,11,2430,57836,1777,674,1011,27,57259,12,1311,25,9920,4001],"class_list":{"0":"post-456153","1":"post","2":"type-post","3":"status-publish","4":"format-standard","5":"has-post-thumbnail","7":"category-saint-etienne","8":"tag-actu","9":"tag-actualites","10":"tag-auvergne-rhone-alpes","11":"tag-chmage","12":"tag-eu","13":"tag-europe","14":"tag-fr","15":"tag-france","16":"tag-fuite-de-gaz","17":"tag-news","18":"tag-pompiers","19":"tag-republique-francaise","20":"tag-saint-tienne","21":"tag-saint-etienne"},"share_on_mastodon":{"url":"https:\/\/pubeurope.com\/@fr\/115358163982736188","error":""},"_links":{"self":[{"href":"https:\/\/www.europesays.com\/fr\/wp-json\/wp\/v2\/posts\/456153","targetHints":{"allow":["GET"]}}],"collection":[{"href":"https:\/\/www.europesays.com\/fr\/wp-json\/wp\/v2\/posts"}],"about":[{"href":"https:\/\/www.europesays.com\/fr\/wp-json\/wp\/v2\/types\/post"}],"author":[{"embeddable":true,"href":"https:\/\/www.europesays.com\/fr\/wp-json\/wp\/v2\/users\/2"}],"replies":[{"embeddable":true,"href":"https:\/\/www.europesays.com\/fr\/wp-json\/wp\/v2\/comments?post=456153"}],"version-history":[{"count":0,"href":"https:\/\/www.europesays.com\/fr\/wp-json\/wp\/v2\/posts\/456153\/revisions"}],"wp:featuredmedia":[{"embeddable":true,"href":"https:\/\/www.europesays.com\/fr\/wp-json\/wp\/v2\/media\/452727"}],"wp:attachment":[{"href":"https:\/\/www.europesays.com\/fr\/wp-json\/wp\/v2\/media?parent=456153"}],"wp:term":[{"taxonomy":"category","embeddable":true,"href":"https:\/\/www.europesays.com\/fr\/wp-json\/wp\/v2\/categories?post=456153"},{"taxonomy":"post_tag","embeddable":true,"href":"https:\/\/www.europesays.com\/fr\/wp-json\/wp\/v2\/tags?post=456153"}],"curies":[{"name":"wp","href":"https:\/\/api.w.org\/{rel}","templated":true}]}}