{"id":456160,"date":"2025-10-11T23:40:35","date_gmt":"2025-10-11T23:40:35","guid":{"rendered":"https:\/\/www.europesays.com\/fr\/456160\/"},"modified":"2025-10-11T23:40:35","modified_gmt":"2025-10-11T23:40:35","slug":"le-pere-et-lenfant-localises-le-dispositif-est-suspendu","status":"publish","type":"post","link":"https:\/\/www.europesays.com\/fr\/456160\/","title":{"rendered":"Le p\u00e8re et l\u2019enfant localis\u00e9s, le dispositif est suspendu"},"content":{"rendered":"<p>Moins d\u2019une heure apr\u00e8s son d\u00e9clenchement, le dispositif d\u2019<a href=\"https:\/\/www.20minutes.fr\/dossier\/alerte_enlevement\" class=\"c-link c-link--is-underlined\" target=\"_blank\" rel=\"noopener\">alerte enl\u00e8vement<\/a>, activ\u00e9 pour une fillette de quatre ans pr\u00e9nomm\u00e9 Ma\u00eblle, dans le <a href=\"https:\/\/www.20minutes.fr\/societe\/var\/\" class=\"c-link c-link--is-underlined\" target=\"_blank\" rel=\"noopener\">Var<\/a>, a \u00e9t\u00e9 suspendu, \u00e0 la demande du procureur de la R\u00e9publique de <a href=\"https:\/\/www.20minutes.fr\/dossier\/toulon\" class=\"c-link c-link--is-underlined\" target=\"_blank\" rel=\"noopener\">Toulon<\/a>. \u00ab\u00a0Les enqu\u00eateurs viennent d\u2019obtenir des \u00e9l\u00e9ments nouveaux qui permettraient de localiser le p\u00e8re et l\u2019enfant\u00a0\u00bb, pr\u00e9cise le magistrat. La petite fille \u00ab\u00a0serait en bonne sant\u00e9\u00a0\u00bb<\/p>\n<p>Le dispositif semblait avoir \u00e9t\u00e9 lanc\u00e9 vendredi matin \u00e0 l\u2019initiative du procureur. Il \u00e9voquait alors la possibilit\u00e9 qu\u2019elle ait \u00e9t\u00e9 enlev\u00e9e par son p\u00e8re \u00ab\u00a0dans des circonstances tr\u00e8s inqui\u00e9tantes\u00a0\u00bb.<\/p>\n<\/p>\n<p>Puis Rapha\u00ebl Balland avait pr\u00e9cis\u00e9 qu&rsquo;elle n&rsquo;avait \u00ab pas \u00e9t\u00e9 encore formellement d\u00e9clench\u00e9e \u00bb, juste avant des avanc\u00e9es de l&rsquo;enqu\u00eate qui permettaient finalement de suspendre le dispositif.<\/p>\n<p>Les circonstances exactes qui ont motiv\u00e9 les premi\u00e8res alertes, puis la suspension du dispositif un peu plus tard, n\u2019ont pas \u00e9t\u00e9 pr\u00e9cis\u00e9es pour le moment.<\/p>\n<p>35 alertes enl\u00e8vement d\u00e9clench\u00e9s depuis\u00a02006<\/p>\n<p>Avant cette nouvelle alerte, le plan Alerte enl\u00e8vement a \u00e9t\u00e9 d\u00e9clench\u00e9 \u00e0 35 reprises (au 7\u00a0octobre 2025), depuis le 28\u00a0f\u00e9vrier 2006, pr\u00e9cise le <a href=\"https:\/\/www.alerte-enlevement.justice.gouv.fr\/\" target=\"_blank\" class=\"c-link c-link--is-underlined\" rel=\"noopener\">minist\u00e8re de la Justice<\/a>. Il a permis que 36 enfants soient retrouv\u00e9s vivants.<\/p>\n","protected":false},"excerpt":{"rendered":"Moins d\u2019une heure apr\u00e8s son d\u00e9clenchement, le dispositif d\u2019alerte enl\u00e8vement, activ\u00e9 pour une fillette de quatre ans pr\u00e9nomm\u00e9&hellip;\n","protected":false},"author":2,"featured_media":456161,"comment_status":"","ping_status":"","sticky":false,"template":"","format":"standard","meta":{"footnotes":""},"categories":[9619],"tags":[1111,47,11,54683,2716,1777,674,1011,27,12,883,882,25,104,2310,7506],"class_list":{"0":"post-456160","1":"post","2":"type-post","3":"status-publish","4":"format-standard","5":"has-post-thumbnail","7":"category-toulon","8":"tag-actu","9":"tag-actualite","10":"tag-actualites","11":"tag-alerte-enlevement","12":"tag-enlevement","13":"tag-eu","14":"tag-europe","15":"tag-fr","16":"tag-france","17":"tag-news","18":"tag-paca","19":"tag-provence-alpes-cote-dazur","20":"tag-republique-francaise","21":"tag-societe","22":"tag-toulon","23":"tag-var"},"share_on_mastodon":{"url":"https:\/\/pubeurope.com\/@fr\/115358179316207900","error":""},"_links":{"self":[{"href":"https:\/\/www.europesays.com\/fr\/wp-json\/wp\/v2\/posts\/456160","targetHints":{"allow":["GET"]}}],"collection":[{"href":"https:\/\/www.europesays.com\/fr\/wp-json\/wp\/v2\/posts"}],"about":[{"href":"https:\/\/www.europesays.com\/fr\/wp-json\/wp\/v2\/types\/post"}],"author":[{"embeddable":true,"href":"https:\/\/www.europesays.com\/fr\/wp-json\/wp\/v2\/users\/2"}],"replies":[{"embeddable":true,"href":"https:\/\/www.europesays.com\/fr\/wp-json\/wp\/v2\/comments?post=456160"}],"version-history":[{"count":0,"href":"https:\/\/www.europesays.com\/fr\/wp-json\/wp\/v2\/posts\/456160\/revisions"}],"wp:featuredmedia":[{"embeddable":true,"href":"https:\/\/www.europesays.com\/fr\/wp-json\/wp\/v2\/media\/456161"}],"wp:attachment":[{"href":"https:\/\/www.europesays.com\/fr\/wp-json\/wp\/v2\/media?parent=456160"}],"wp:term":[{"taxonomy":"category","embeddable":true,"href":"https:\/\/www.europesays.com\/fr\/wp-json\/wp\/v2\/categories?post=456160"},{"taxonomy":"post_tag","embeddable":true,"href":"https:\/\/www.europesays.com\/fr\/wp-json\/wp\/v2\/tags?post=456160"}],"curies":[{"name":"wp","href":"https:\/\/api.w.org\/{rel}","templated":true}]}}