{"id":456164,"date":"2025-10-11T23:43:11","date_gmt":"2025-10-11T23:43:11","guid":{"rendered":"https:\/\/www.europesays.com\/fr\/456164\/"},"modified":"2025-10-11T23:43:11","modified_gmt":"2025-10-11T23:43:11","slug":"previsions-du-dimanche-12-octobre-2025","status":"publish","type":"post","link":"https:\/\/www.europesays.com\/fr\/456164\/","title":{"rendered":"pr\u00e9visions du dimanche 12 octobre 2025"},"content":{"rendered":"<p class=\"mb-4 text-lg md:leading-8 break-words\"><strong>M\u00e9t\u00e9o &#8211; C&rsquo;est un soleil magnifique qui va briller aujourd&rsquo;hui. Les temp\u00e9ratures seront de 19\u00b0C la matin\u00e9e et de 22\u00b0C l&rsquo;apr\u00e8s-midi&#8230;<\/strong><\/p>\n<p class=\"mb-4 text-lg md:leading-8 break-words\">Un splendide soleil brillera sur Montpellier, o\u00f9 la journ\u00e9e s&rsquo;annoncera des plus plaisantes. Les temp\u00e9ratures iront de 15 \u00e0 23\u00b0C. Le matin, le thermom\u00e8tre affichera 19\u00b0C en moyenne. Un vent de nord-est rafra\u00eechira un peu l&rsquo;atmosph\u00e8re. Les valeurs seront de 19\u00b0C au plus bas et de 23\u00b0C au maximum l&rsquo;apr\u00e8s-midi. Le soir, le vent va progressivement \u00e9loigner la grisaille. Il fera 17\u00b0C en moyenne. Le ciel sera limpide dans la nuit de dimanche \u00e0 lundi.<\/p>\n<p class=\"mb-4 text-lg md:leading-8 break-words\">Demain, un important soleil rayonnera sur Montpellier. Une baisse des temp\u00e9ratures est \u00e0 craindre. Les valeurs afficheront entre 14 et 22\u00b0C. Les valeurs avoisineront les 18\u00b0C au cours de la matin\u00e9e. Un vent de nord-est soufflera l\u00e9g\u00e8rement, avec 6 km\/h. Demain apr\u00e8s-midi, les temp\u00e9ratures seront comprises entre 18 et 22\u00b0C. Des \u00e9claircies feront leur apparition dans la soir\u00e9e. Une brise de sud-ouest soufflera l\u00e9g\u00e8rement.<\/p>\n<p class=\"mb-4 text-lg md:leading-8 break-words\">Les jours passent et se ressemblent. Il va faire un temps relativement ensoleill\u00e9 avec des temp\u00e9ratures autour de 18\u00b0C.<\/p>\n<p class=\"mb-4 text-lg md:leading-8 break-words\"><a href=\"https:\/\/www.20minutes.fr\/planete\/previsions-meteo\/4178715-20251012-meteo-montpellier-previsions-dimanche-12-octobre-2025?at_medium=RSS%20feed&amp;at_campaign=ynews&amp;utm_source=yahoo&amp;utm_medium=rss&amp;utm_campaign=news_feed&amp;utm_content=read_more_link&quot;\" rel=\"nofollow noopener\" target=\"_blank\" data-ylk=\"slk:Lire la suite sur 20minutes;elm:context_link;itc:0;sec:content-canvas\" class=\"link \">Lire la suite sur 20minutes<\/a><\/p>\n","protected":false},"excerpt":{"rendered":"M\u00e9t\u00e9o &#8211; C&rsquo;est un soleil magnifique qui va briller aujourd&rsquo;hui. Les temp\u00e9ratures seront de 19\u00b0C la matin\u00e9e et&hellip;\n","protected":false},"author":2,"featured_media":456165,"comment_status":"","ping_status":"","sticky":false,"template":"","format":"standard","meta":{"footnotes":""},"categories":[9599],"tags":[1111,11,1777,674,1011,27,51394,2487,2208,12,2680,25],"class_list":{"0":"post-456164","1":"post","2":"type-post","3":"status-publish","4":"format-standard","5":"has-post-thumbnail","7":"category-montpellier","8":"tag-actu","9":"tag-actualites","10":"tag-eu","11":"tag-europe","12":"tag-fr","13":"tag-france","14":"tag-la-matinee","15":"tag-meteo","16":"tag-montpellier","17":"tag-news","18":"tag-occitanie","19":"tag-republique-francaise"},"share_on_mastodon":{"url":"https:\/\/pubeurope.com\/@fr\/115358190994649261","error":""},"_links":{"self":[{"href":"https:\/\/www.europesays.com\/fr\/wp-json\/wp\/v2\/posts\/456164","targetHints":{"allow":["GET"]}}],"collection":[{"href":"https:\/\/www.europesays.com\/fr\/wp-json\/wp\/v2\/posts"}],"about":[{"href":"https:\/\/www.europesays.com\/fr\/wp-json\/wp\/v2\/types\/post"}],"author":[{"embeddable":true,"href":"https:\/\/www.europesays.com\/fr\/wp-json\/wp\/v2\/users\/2"}],"replies":[{"embeddable":true,"href":"https:\/\/www.europesays.com\/fr\/wp-json\/wp\/v2\/comments?post=456164"}],"version-history":[{"count":0,"href":"https:\/\/www.europesays.com\/fr\/wp-json\/wp\/v2\/posts\/456164\/revisions"}],"wp:featuredmedia":[{"embeddable":true,"href":"https:\/\/www.europesays.com\/fr\/wp-json\/wp\/v2\/media\/456165"}],"wp:attachment":[{"href":"https:\/\/www.europesays.com\/fr\/wp-json\/wp\/v2\/media?parent=456164"}],"wp:term":[{"taxonomy":"category","embeddable":true,"href":"https:\/\/www.europesays.com\/fr\/wp-json\/wp\/v2\/categories?post=456164"},{"taxonomy":"post_tag","embeddable":true,"href":"https:\/\/www.europesays.com\/fr\/wp-json\/wp\/v2\/tags?post=456164"}],"curies":[{"name":"wp","href":"https:\/\/api.w.org\/{rel}","templated":true}]}}