{"id":456168,"date":"2025-10-11T23:48:16","date_gmt":"2025-10-11T23:48:16","guid":{"rendered":"https:\/\/www.europesays.com\/fr\/456168\/"},"modified":"2025-10-11T23:48:16","modified_gmt":"2025-10-11T23:48:16","slug":"pro-d2-sils-ont-des-familles-il-faut-quils-se-regardent-bien-dans-une-glace-les-mots-forts-daubin-hueber-apres-la-crise-au-fcg","status":"publish","type":"post","link":"https:\/\/www.europesays.com\/fr\/456168\/","title":{"rendered":"Pro D2. \u00ab\u00a0S\u2019ils ont des familles, il faut qu\u2019ils se regardent bien dans une glace \u00bb : les mots forts d\u2019Aubin Hueber apr\u00e8s la crise au FCG"},"content":{"rendered":"<p>Quand on l\u2019a interrog\u00e9 sur la mani\u00e8re dont il a v\u00e9cu la crise du FCG, Aubin Hueber s\u2019est raidi. Mis en cause <a href=\"https:\/\/www.ledauphine.com\/sport\/2025\/10\/09\/pourquoi-le-fcg-et-nicolas-nadau-ont-mis-fin-a-leur-histoire-commune\" target=\"_blank\" rel=\"noopener\">par Nicolas Nadau lors du match \u00e0 Brive (21-24)<\/a> , le Tarbais a \u00e9galement \u00e9t\u00e9 cibl\u00e9 au c\u0153ur des turbulences. Une situation qu\u2019il a eu du mal \u00e0 accepter.<\/p>\n<p>\u00ab\u00a0Ce n\u2019est jamais tr\u00e8s marrant \u00e0 vivre, souffle-t-il. Surtout quand vous \u00eates pris \u00e0 partie pour des choses que vous ne comprenez pas. Apr\u00e8s, je sais que le poste que j\u2019occupe est \u00e0 un poste \u00e0 critiques plus qu\u2019\u00e0 \u00e9loges. C\u2019est comme quand j\u2019\u00e9tais joueur en tant que num\u00e9ro\u00a09, j\u2019\u00e9tais expos\u00e9 \u00e0 de la critique. Donc je suis plut\u00f4t habitu\u00e9 \u00e0 \u00e7a. Je dirais que cela glisse sur mes \u00e9paules. Cela glisse moins sur ma famille et sur mes enfants, c\u2019est s\u00fbr et certain. D\u2019ailleurs, je remercie les gens qui ont \u00e9t\u00e9 tr\u00e8s adorables avec moi sur les r\u00e9seaux sociaux. Je suis ironique bien s\u00fbr. S\u2019ils ont des familles, il faut qu\u2019ils se regardent bien dans une glace. Pour comprendre ce qu\u2019ils ont fait. Moi, je suis l\u00e0 pour le FCG. Je ne suis pas l\u00e0 pour Aubin Hueber. Ma carri\u00e8re de joueur et d\u2019entra\u00eeneur est derri\u00e8re moi. Quand Patrick Goffi m\u2019a sollicit\u00e9, je suis venu avec grand plaisir. Mon petit fr\u00e8re Franck avait fait une finale ici en 1993. Je crois en ce grand club, car le FCG est un grand club, je crois en ses supporters. On est l\u00e0 pour le club, pour le rugby et pas pour les personnes.\u00a0\u00bb<\/p>\n<p>Ce contenu est bloqu\u00e9 car vous n&rsquo;avez pas accept\u00e9 les cookies et autres traceurs.<\/p>\n<p>En cliquant sur \u00ab J\u2019accepte \u00bb, les cookies et autres traceurs seront d\u00e9pos\u00e9s et vous pourrez visualiser les contenus  (<a href=\"\" class=\"consentModule_policy\" target=\"_blank\" title=\"Consulter la politique de protection des donn\u00e9es du fournisseur\">plus d&rsquo;informations<\/a>).<\/p>\n<p>En cliquant sur \u00ab J\u2019accepte tous les cookies \u00bb, vous autorisez des d\u00e9p\u00f4ts de cookies et autres traceurs pour le stockage de vos donn\u00e9es sur nos sites et applications \u00e0 des fins de personnalisation et de ciblage publicitaire.<\/p>\n<p class=\"consentModule_secondaryText\">Vous gardez la possibilit\u00e9 de retirer votre consentement \u00e0 tout moment en consultant notre <a href=\"https:\/\/www.ledauphine.com\/protection-des-donnees\" target=\"_blank\" title=\"Consulter notre politique de protection des donn\u00e9es\" rel=\"noopener\">politique de protection des donn\u00e9es<\/a>. <br \/>&#13;<br \/>\n            <a href=\"https:\/\/www.ledauphine.com\/sport\/2025\/10\/10\/javascript:Didomi.notice.show()\" class=\"consentModule_cmp\" target=\"_blank\" rel=\"noopener\">G\u00e9rer mes choix<\/a>&#13;\n        <\/p>\n<p>&#13;<br \/>\n                        J&rsquo;accepte&#13;<br \/>\n            J&rsquo;accepte tous les cookies&#13;\n        <\/p>\n<p>  Hueber\u00a0: \u00ab\u00a0Mon r\u00f4le, je le connais\u00a0\u00bb<\/p>\n<p>Le pr\u00e9sident Patrick Goffi a rappel\u00e9 les missions d\u2019Aubin Hueber au sein du club alpin. \u00ab\u00a0Il est le directeur du rugby du FCG avec toutes les fonctions que cela comporte. Cela veut dire qu\u2019Aubin n\u2019intervient pas sur le terrain. Il s\u2019occupe de toute la coordination au sein du sportif. Beaucoup ont fabul\u00e9 sur les fonctions de chacun. Il n\u2019y a aucune ambigu\u00eft\u00e9 sur le r\u00f4le d\u2019Aubin et il n\u2019y en aura pas par rapport \u00e0 Jeff Dubois qui est en charge du projet de jeu.\u00a0\u00bb<\/p>\n<p>Pour \u00e9voquer <a href=\"https:\/\/www.ledauphine.com\/sport\/2025\/10\/10\/fcg-c-est-officiel-jeff-dubois-devient-le-nouvel-entraineur-principal-et-le-patron-du-sportif\" target=\"_blank\" rel=\"noopener\">l\u2019arriv\u00e9e de Jeff Dubois<\/a> au poste d\u2019entra\u00eeneur principal, Aubin Hueber a affirm\u00e9 qu\u2019il \u00e9tait \u00ab\u00a0l\u2019homme de la situation.\u00a0\u00bb L\u2019ancien demi de m\u00eal\u00e9e a \u00e9galement rappel\u00e9 son r\u00f4le\u00a0: \u00ab\u00a0C\u2019est un r\u00f4le transversal, c\u2019est d\u2019\u00eatre \u00e0 c\u00f4t\u00e9 de Jeff et des joueurs pour les accompagner. Je repr\u00e9sente aussi le pr\u00e9sident aupr\u00e8s de la Ligue puisque j\u2019assiste \u00e0 toutes les r\u00e9unions mais aussi aupr\u00e8s de la FFR et des arbitres. Mon r\u00f4le, je le connais et ma fiche de poste a \u00e9t\u00e9 bien d\u00e9finie.\u00a0\u00bb<\/p>\n<p><strong>&gt;&gt;\u00a0<\/strong><a href=\"https:\/\/www.ledauphine.com\/sport\/calendrier-resultats\/rugby\/national-pro-d2-saison-reguliere\" target=\"_blank\" rel=\"noopener\"><strong>Les r\u00e9sultats, le classement et le calendrier de Pro D2\u00a0<\/strong><\/a><\/p>\n","protected":false},"excerpt":{"rendered":"Quand on l\u2019a interrog\u00e9 sur la mani\u00e8re dont il a v\u00e9cu la crise du FCG, Aubin Hueber s\u2019est&hellip;\n","protected":false},"author":2,"featured_media":456169,"comment_status":"","ping_status":"","sticky":false,"template":"","format":"standard","meta":{"footnotes":""},"categories":[9566],"tags":[1111,11,2430,112,113,114,1777,674,2727,1795,1011,27,2731,2732,12,2308,25,479,517],"class_list":{"0":"post-456168","1":"post","2":"type-post","3":"status-publish","4":"format-standard","5":"has-post-thumbnail","7":"category-grenoble","8":"tag-actu","9":"tag-actualites","10":"tag-auvergne-rhone-alpes","11":"tag-edition-grenoble-agglomeration","12":"tag-edition-gresivaudan-oisans","13":"tag-edition-voiron-saint-marcellin","14":"tag-eu","15":"tag-europe","16":"tag-fcg-fc-grenoble-rugby","17":"tag-fil-web","18":"tag-fr","19":"tag-france","20":"tag-grenoble","21":"tag-grenoble-bassin","22":"tag-news","23":"tag-pro-d2","24":"tag-republique-francaise","25":"tag-rugby","26":"tag-sport"},"share_on_mastodon":{"url":"https:\/\/pubeurope.com\/@fr\/115358210720047589","error":""},"_links":{"self":[{"href":"https:\/\/www.europesays.com\/fr\/wp-json\/wp\/v2\/posts\/456168","targetHints":{"allow":["GET"]}}],"collection":[{"href":"https:\/\/www.europesays.com\/fr\/wp-json\/wp\/v2\/posts"}],"about":[{"href":"https:\/\/www.europesays.com\/fr\/wp-json\/wp\/v2\/types\/post"}],"author":[{"embeddable":true,"href":"https:\/\/www.europesays.com\/fr\/wp-json\/wp\/v2\/users\/2"}],"replies":[{"embeddable":true,"href":"https:\/\/www.europesays.com\/fr\/wp-json\/wp\/v2\/comments?post=456168"}],"version-history":[{"count":0,"href":"https:\/\/www.europesays.com\/fr\/wp-json\/wp\/v2\/posts\/456168\/revisions"}],"wp:featuredmedia":[{"embeddable":true,"href":"https:\/\/www.europesays.com\/fr\/wp-json\/wp\/v2\/media\/456169"}],"wp:attachment":[{"href":"https:\/\/www.europesays.com\/fr\/wp-json\/wp\/v2\/media?parent=456168"}],"wp:term":[{"taxonomy":"category","embeddable":true,"href":"https:\/\/www.europesays.com\/fr\/wp-json\/wp\/v2\/categories?post=456168"},{"taxonomy":"post_tag","embeddable":true,"href":"https:\/\/www.europesays.com\/fr\/wp-json\/wp\/v2\/tags?post=456168"}],"curies":[{"name":"wp","href":"https:\/\/api.w.org\/{rel}","templated":true}]}}