{"id":456171,"date":"2025-10-11T23:50:13","date_gmt":"2025-10-11T23:50:13","guid":{"rendered":"https:\/\/www.europesays.com\/fr\/456171\/"},"modified":"2025-10-11T23:50:13","modified_gmt":"2025-10-11T23:50:13","slug":"previsions-du-dimanche-12-octobre-2025-2","status":"publish","type":"post","link":"https:\/\/www.europesays.com\/fr\/456171\/","title":{"rendered":"pr\u00e9visions du dimanche 12 octobre 2025"},"content":{"rendered":"<p class=\"mb-4 text-lg md:leading-8 break-words\"><strong>M\u00e9t\u00e9o &#8211; C&rsquo;est un soleil radieux qui va se montrer aujourd&rsquo;hui. Les temp\u00e9ratures seront de 15\u00b0C la matin\u00e9e et de 22\u00b0C l&rsquo;apr\u00e8s-midi&#8230;<\/strong><\/p>\n<p class=\"mb-4 text-lg md:leading-8 break-words\">Rennes aura le plaisir de pouvoir profiter d&rsquo;une belle journ\u00e9e ensoleill\u00e9e. Il va faire en moyenne 17\u00b0C. Le matin, un vent de nord-est rafra\u00eechira l\u00e9g\u00e8rement l&rsquo;atmosph\u00e8re. Les temp\u00e9ratures vont conna\u00eetre une hausse de plusieurs degr\u00e9s dans l&rsquo;apr\u00e8s-midi. Les valeurs seront comprises entre 19 et 24\u00b0C. Un vent d&rsquo;est soufflera \u00e0 20 km\/h. Des \u00e9claircies sont pr\u00e9vues : on passera une soir\u00e9e agr\u00e9able. Les temp\u00e9ratures tourneront autour des 14\u00b0C. Pendant que vous dormirez, dans la nuit de dimanche \u00e0 lundi, le ciel sera clair.<\/p>\n<p class=\"mb-4 text-lg md:leading-8 break-words\">Un bel ensoleillement est attendu demain \u00e0 Rennes. Une chute des temp\u00e9ratures est \u00e0 pr\u00e9voir. Les valeurs s&rsquo;\u00e9chelonneront entre 10 et 22\u00b0C. Une petite brise de nord-est sera ressentie par les habitants. Une m\u00e9t\u00e9o plus chaude est \u00e0 pr\u00e9voir demain apr\u00e8s-midi puisque le mercure va enregistrer une augmentation. Les maximales atteindront les 22\u00b0C et les minimales seront de 20\u00b0C. Le ciel va l\u00e9g\u00e8rement se d\u00e9gager dans la soir\u00e9e avec des \u00e9claircies. On pr\u00e9voit des temp\u00e9ratures d&rsquo;environ 16\u00b0C.<\/p>\n<p class=\"mb-4 text-lg md:leading-8 break-words\">Peu de changements pour la suite. Comptez sur 15\u00b0C en moyenne qui accompagneront des journ\u00e9es ensoleill\u00e9es.<\/p>\n<p class=\"mb-4 text-lg md:leading-8 break-words\"><a href=\"https:\/\/www.20minutes.fr\/planete\/previsions-meteo\/4178717-20251012-meteo-rennes-previsions-dimanche-12-octobre-2025?at_medium=RSS%20feed&amp;at_campaign=ynews&amp;utm_source=yahoo&amp;utm_medium=rss&amp;utm_campaign=news_feed&amp;utm_content=read_more_link&quot;\" rel=\"nofollow noopener\" target=\"_blank\" data-ylk=\"slk:Lire la suite sur 20minutes;elm:context_link;itc:0;sec:content-canvas\" class=\"link \">Lire la suite sur 20minutes<\/a><\/p>\n","protected":false},"excerpt":{"rendered":"M\u00e9t\u00e9o &#8211; C&rsquo;est un soleil radieux qui va se montrer aujourd&rsquo;hui. Les temp\u00e9ratures seront de 15\u00b0C la matin\u00e9e&hellip;\n","protected":false},"author":2,"featured_media":456172,"comment_status":"","ping_status":"","sticky":false,"template":"","format":"standard","meta":{"footnotes":""},"categories":[2821],"tags":[1111,11,829,1777,674,1011,27,2487,12,584,25,55606],"class_list":{"0":"post-456171","1":"post","2":"type-post","3":"status-publish","4":"format-standard","5":"has-post-thumbnail","7":"category-rennes","8":"tag-actu","9":"tag-actualites","10":"tag-bretagne","11":"tag-eu","12":"tag-europe","13":"tag-fr","14":"tag-france","15":"tag-meteo","16":"tag-news","17":"tag-rennes","18":"tag-republique-francaise","19":"tag-vent-dest"},"share_on_mastodon":{"url":"https:\/\/pubeurope.com\/@fr\/115358218503107813","error":""},"_links":{"self":[{"href":"https:\/\/www.europesays.com\/fr\/wp-json\/wp\/v2\/posts\/456171","targetHints":{"allow":["GET"]}}],"collection":[{"href":"https:\/\/www.europesays.com\/fr\/wp-json\/wp\/v2\/posts"}],"about":[{"href":"https:\/\/www.europesays.com\/fr\/wp-json\/wp\/v2\/types\/post"}],"author":[{"embeddable":true,"href":"https:\/\/www.europesays.com\/fr\/wp-json\/wp\/v2\/users\/2"}],"replies":[{"embeddable":true,"href":"https:\/\/www.europesays.com\/fr\/wp-json\/wp\/v2\/comments?post=456171"}],"version-history":[{"count":0,"href":"https:\/\/www.europesays.com\/fr\/wp-json\/wp\/v2\/posts\/456171\/revisions"}],"wp:featuredmedia":[{"embeddable":true,"href":"https:\/\/www.europesays.com\/fr\/wp-json\/wp\/v2\/media\/456172"}],"wp:attachment":[{"href":"https:\/\/www.europesays.com\/fr\/wp-json\/wp\/v2\/media?parent=456171"}],"wp:term":[{"taxonomy":"category","embeddable":true,"href":"https:\/\/www.europesays.com\/fr\/wp-json\/wp\/v2\/categories?post=456171"},{"taxonomy":"post_tag","embeddable":true,"href":"https:\/\/www.europesays.com\/fr\/wp-json\/wp\/v2\/tags?post=456171"}],"curies":[{"name":"wp","href":"https:\/\/api.w.org\/{rel}","templated":true}]}}