{"id":456173,"date":"2025-10-11T23:52:12","date_gmt":"2025-10-11T23:52:12","guid":{"rendered":"https:\/\/www.europesays.com\/fr\/456173\/"},"modified":"2025-10-11T23:52:12","modified_gmt":"2025-10-11T23:52:12","slug":"previsions-du-dimanche-12-octobre-2025-3","status":"publish","type":"post","link":"https:\/\/www.europesays.com\/fr\/456173\/","title":{"rendered":"pr\u00e9visions du dimanche 12 octobre 2025"},"content":{"rendered":"<p class=\"mb-4 text-lg md:leading-8 break-words\"><strong>M\u00e9t\u00e9o &#8211; Le soleil sera dominant, la garantie d&rsquo;une magnifique journ\u00e9e ! Les temp\u00e9ratures seront de 12\u00b0C le matin et de 16\u00b0C l&rsquo;apr\u00e8s-midi&#8230;<\/strong><\/p>\n<p class=\"mb-4 text-lg md:leading-8 break-words\">Le soleil sera au rendez-vous \u00e0 Strasbourg : une belle journ\u00e9e se profile ! On anticipe des valeurs avoisinant 13\u00b0C. Un petit vent de nord-est soufflera. Il va faire environ 12\u00b0C, le matin. L&rsquo;air ambiant va se r\u00e9chauffer l&rsquo;apr\u00e8s-midi avec une hausse de quelques degr\u00e9s. Les maximales iront jusqu&rsquo;\u00e0 17\u00b0C et les minimales seront de 13\u00b0C. Le ciel va l\u00e9g\u00e8rement se d\u00e9gager dans la soir\u00e9e avec des \u00e9claircies. Les temp\u00e9ratures seront de 12\u00b0C. Le ciel sera limpide dans la nuit de dimanche \u00e0 lundi.<\/p>\n<p class=\"mb-4 text-lg md:leading-8 break-words\">Le soleil appara\u00eet l\u00e9g\u00e8rement demain. Ces \u00e9claircies devraient ravir les Strasbourgeois. Une m\u00e9t\u00e9o plus chaude est pr\u00e9vue puisque le mercure va enregistrer une augmentation. Les valeurs afficheront entre 9 et 18\u00b0C. Une modeste brise de nord-est sera ressentie par les habitants. Les temp\u00e9ratures vont conna\u00eetre une hausse de quelques degr\u00e9s pendant l&rsquo;apr\u00e8s-midi. Les valeurs s&rsquo;\u00e9chelonneront entre 14 et 18\u00b0C.<\/p>\n<p class=\"mb-4 text-lg md:leading-8 break-words\">Les jours suivants s&rsquo;annoncent similaires. Une m\u00e9t\u00e9o ensoleill\u00e9e, avec des temp\u00e9ratures de 13\u00b0C en moyenne, est attendue.<\/p>\n<p class=\"mb-4 text-lg md:leading-8 break-words\"><a href=\"https:\/\/www.20minutes.fr\/planete\/previsions-meteo\/4178718-20251012-meteo-strasbourg-previsions-dimanche-12-octobre-2025?at_medium=RSS%20feed&amp;at_campaign=ynews&amp;utm_source=yahoo&amp;utm_medium=rss&amp;utm_campaign=news_feed&amp;utm_content=read_more_link&quot;\" rel=\"nofollow noopener\" target=\"_blank\" data-ylk=\"slk:Lire la suite sur 20minutes;elm:context_link;itc:0;sec:content-canvas\" class=\"link \">Lire la suite sur 20minutes<\/a><\/p>\n","protected":false},"excerpt":{"rendered":"M\u00e9t\u00e9o &#8211; Le soleil sera dominant, la garantie d&rsquo;une magnifique journ\u00e9e ! Les temp\u00e9ratures seront de 12\u00b0C le&hellip;\n","protected":false},"author":2,"featured_media":456174,"comment_status":"","ping_status":"","sticky":false,"template":"","format":"standard","meta":{"footnotes":""},"categories":[2820],"tags":[1111,11,1777,674,1011,27,775,44166,6172,2487,12,25,640],"class_list":{"0":"post-456173","1":"post","2":"type-post","3":"status-publish","4":"format-standard","5":"has-post-thumbnail","7":"category-strasbourg","8":"tag-actu","9":"tag-actualites","10":"tag-eu","11":"tag-europe","12":"tag-fr","13":"tag-france","14":"tag-grand-est","15":"tag-le-matin","16":"tag-le-soleil","17":"tag-meteo","18":"tag-news","19":"tag-republique-francaise","20":"tag-strasbourg"},"share_on_mastodon":{"url":"https:\/\/pubeurope.com\/@fr\/115358226373365360","error":""},"_links":{"self":[{"href":"https:\/\/www.europesays.com\/fr\/wp-json\/wp\/v2\/posts\/456173","targetHints":{"allow":["GET"]}}],"collection":[{"href":"https:\/\/www.europesays.com\/fr\/wp-json\/wp\/v2\/posts"}],"about":[{"href":"https:\/\/www.europesays.com\/fr\/wp-json\/wp\/v2\/types\/post"}],"author":[{"embeddable":true,"href":"https:\/\/www.europesays.com\/fr\/wp-json\/wp\/v2\/users\/2"}],"replies":[{"embeddable":true,"href":"https:\/\/www.europesays.com\/fr\/wp-json\/wp\/v2\/comments?post=456173"}],"version-history":[{"count":0,"href":"https:\/\/www.europesays.com\/fr\/wp-json\/wp\/v2\/posts\/456173\/revisions"}],"wp:featuredmedia":[{"embeddable":true,"href":"https:\/\/www.europesays.com\/fr\/wp-json\/wp\/v2\/media\/456174"}],"wp:attachment":[{"href":"https:\/\/www.europesays.com\/fr\/wp-json\/wp\/v2\/media?parent=456173"}],"wp:term":[{"taxonomy":"category","embeddable":true,"href":"https:\/\/www.europesays.com\/fr\/wp-json\/wp\/v2\/categories?post=456173"},{"taxonomy":"post_tag","embeddable":true,"href":"https:\/\/www.europesays.com\/fr\/wp-json\/wp\/v2\/tags?post=456173"}],"curies":[{"name":"wp","href":"https:\/\/api.w.org\/{rel}","templated":true}]}}