{"id":456195,"date":"2025-10-12T00:05:11","date_gmt":"2025-10-12T00:05:11","guid":{"rendered":"https:\/\/www.europesays.com\/fr\/456195\/"},"modified":"2025-10-12T00:05:11","modified_gmt":"2025-10-12T00:05:11","slug":"pres-de-lyon-un-camion-polonais-controle-les-gendarmes-tombent-sur-une-sacree-marchandise","status":"publish","type":"post","link":"https:\/\/www.europesays.com\/fr\/456195\/","title":{"rendered":"Pr\u00e8s de Lyon. Un camion polonais contr\u00f4l\u00e9, les gendarmes tombent sur une sacr\u00e9e marchandise"},"content":{"rendered":"<p>            Par<br \/>\n        <strong><br \/>\n            <a href=\"https:\/\/actu.fr\/auteur\/nicolas-zaugra\" title=\"Consulter tous les articles de Nicolas Zaugra\" rel=\"nofollow noopener\" target=\"_blank\">Nicolas Zaugra<\/a><br \/>\n        <\/strong><\/p>\n<p>        Publi\u00e9 le<\/p>\n<p>            11 oct. 2025 \u00e0 15h53        <\/p>\n<p>Grosse prise pour les gendarmes du Rh\u00f4ne mercredi 8 octobre dans la m\u00e9tropole de Lyon. Les gendarmes de la Brigade de recherches de Mions et le groupe interminist\u00e9riel de recherches (GIR) de <a href=\"https:\/\/actu.fr\/auvergne-rhone-alpes\/lyon_69123\" rel=\"nofollow noopener\" target=\"_blank\">Lyon<\/a> ont arr\u00eat\u00e9 un <strong>camion en provenance de Pologne qui paraissait suspect<\/strong> \u00e0 leurs yeux.\u00a0<\/p>\n<p>7 000 cartouches de cigarettes au total<\/p>\n<p class=\" wall-content\">Le poids-lourd a \u00e9t\u00e9 arr\u00eat\u00e9 au nord de Lyon lors d\u2019un contr\u00f4le visant \u00e0 rechercher des cigarettes et du tabac de contrebande.<\/p>\n<p class=\" wall-content\">Le chargement du camion a \u00e9t\u00e9 particuli\u00e8rement fructueux pour les militaires puisqu\u2019ils ont d\u00e9couvert 7 000 cartouches de cigarettes dans la remorque, soit 1,820 tonnes au total. Le tout a \u00e9t\u00e9 saisi et le conducteur plac\u00e9 en garde \u00e0 vue, selon la gendarmerie du Rh\u00f4ne.<\/p>\n<p>Mis en examen et en d\u00e9tention<\/p>\n<p class=\" wall-content\">Le conducteur du camion, \u00e0 l\u2019issue de sa pr\u00e9sentation devant le juge d\u2019instruction, a \u00e9t\u00e9 mis en examen et plac\u00e9 en d\u00e9tention provisoire.<\/p>\n<p class=\" wall-content\">Les gendarmes ont \u00e9galement men\u00e9 une autre op\u00e9ration coup de poing \u00ab\u00a0d\u2019envergure\u00a0\u00bb contre la contrebande et le trafic de cigarettes du 22 au 26 septembre sur la r\u00e9gion lyonnaise. Au total, 13 individus ont \u00e9t\u00e9 plac\u00e9s en garde \u00e0 vue. Deux armes de poing ont \u00e9t\u00e9 saisies. Une tonne de cigarettes, sept v\u00e9hicules et 60 000 euros d\u2019avoirs criminels ont aussi \u00e9t\u00e9 confisqu\u00e9s.<\/p>\n<p class=\" wall-content\">Personnalisez votre actualit\u00e9 en ajoutant vos villes et m\u00e9dias en favori avec <a href=\"https:\/\/moncompte.actu.fr\" title=\"D\u00e9couvez Mon Actu\" rel=\"nofollow noopener\" data-trk=\"{&quot;cta&quot;:{&quot;action&quot;:&quot;https:\\\/\\\/moncompte.actu.fr&quot;,&quot;category&quot;:&quot;mon compte&quot;,&quot;from&quot;:&quot;article footer&quot;,&quot;name&quot;:&quot;Mon actu&quot;,&quot;type&quot;:&quot;cta&quot;}}\" target=\"_blank\">Mon Actu<\/a>.<\/p>\n","protected":false},"excerpt":{"rendered":"Par Nicolas Zaugra Publi\u00e9 le 11 oct. 2025 \u00e0 15h53 Grosse prise pour les gendarmes du Rh\u00f4ne mercredi&hellip;\n","protected":false},"author":2,"featured_media":456196,"comment_status":"","ping_status":"","sticky":false,"template":"","format":"standard","meta":{"footnotes":""},"categories":[1889],"tags":[1111,11,2430,1777,674,118,1011,27,3381,303,2428,12,25],"class_list":{"0":"post-456195","1":"post","2":"type-post","3":"status-publish","4":"format-standard","5":"has-post-thumbnail","7":"category-lyon","8":"tag-actu","9":"tag-actualites","10":"tag-auvergne-rhone-alpes","11":"tag-eu","12":"tag-europe","13":"tag-faits-divers","14":"tag-fr","15":"tag-france","16":"tag-gendarmerie","17":"tag-justice","18":"tag-lyon","19":"tag-news","20":"tag-republique-francaise"},"share_on_mastodon":{"url":"https:\/\/pubeurope.com\/@fr\/115358277668380172","error":""},"_links":{"self":[{"href":"https:\/\/www.europesays.com\/fr\/wp-json\/wp\/v2\/posts\/456195","targetHints":{"allow":["GET"]}}],"collection":[{"href":"https:\/\/www.europesays.com\/fr\/wp-json\/wp\/v2\/posts"}],"about":[{"href":"https:\/\/www.europesays.com\/fr\/wp-json\/wp\/v2\/types\/post"}],"author":[{"embeddable":true,"href":"https:\/\/www.europesays.com\/fr\/wp-json\/wp\/v2\/users\/2"}],"replies":[{"embeddable":true,"href":"https:\/\/www.europesays.com\/fr\/wp-json\/wp\/v2\/comments?post=456195"}],"version-history":[{"count":0,"href":"https:\/\/www.europesays.com\/fr\/wp-json\/wp\/v2\/posts\/456195\/revisions"}],"wp:featuredmedia":[{"embeddable":true,"href":"https:\/\/www.europesays.com\/fr\/wp-json\/wp\/v2\/media\/456196"}],"wp:attachment":[{"href":"https:\/\/www.europesays.com\/fr\/wp-json\/wp\/v2\/media?parent=456195"}],"wp:term":[{"taxonomy":"category","embeddable":true,"href":"https:\/\/www.europesays.com\/fr\/wp-json\/wp\/v2\/categories?post=456195"},{"taxonomy":"post_tag","embeddable":true,"href":"https:\/\/www.europesays.com\/fr\/wp-json\/wp\/v2\/tags?post=456195"}],"curies":[{"name":"wp","href":"https:\/\/api.w.org\/{rel}","templated":true}]}}