{"id":456197,"date":"2025-10-12T00:06:22","date_gmt":"2025-10-12T00:06:22","guid":{"rendered":"https:\/\/www.europesays.com\/fr\/456197\/"},"modified":"2025-10-12T00:06:22","modified_gmt":"2025-10-12T00:06:22","slug":"previsions-du-dimanche-12-octobre-2025-10","status":"publish","type":"post","link":"https:\/\/www.europesays.com\/fr\/456197\/","title":{"rendered":"pr\u00e9visions du dimanche 12 octobre 2025"},"content":{"rendered":"<p class=\"mb-4 text-lg md:leading-8 break-words\"><strong>M\u00e9t\u00e9o &#8211; Le soleil sera au rendez-vous : une belle journ\u00e9e se pr\u00e9sente ! Les temp\u00e9ratures seront de 13\u00b0C la matin\u00e9e et de 19\u00b0C l&rsquo;apr\u00e8s-midi&#8230;<\/strong><\/p>\n<p class=\"mb-4 text-lg md:leading-8 break-words\">Il va faire 15\u00b0C en moyenne \u00e0 Lyon aujourd&rsquo;hui. La m\u00e9t\u00e9o va progressivement s&rsquo;am\u00e9liorer dans la matin\u00e9e et laisser place \u00e0 des \u00e9claircies. Un l\u00e9ger vent de nord-est soufflera. L&rsquo;apr\u00e8s-midi, un important soleil brillera. C&rsquo;est une hausse de plusieurs degr\u00e9s que vont conna\u00eetre les temp\u00e9ratures. Les valeurs iront de 15 \u00e0 20\u00b0C. Le ciel sera assez lumineux, avec quelques \u00e9claircies le soir. On attend une nuit avec un ciel relativement limpide.<\/p>\n<p class=\"mb-4 text-lg md:leading-8 break-words\">Demain, les temp\u00e9ratures vont chuter de quelques degr\u00e9s \u00e0 Lyon. Le mercure affichera 14\u00b0C en moyenne. Une l\u00e9g\u00e8re brise de nord-ouest sera ressentie par les habitants. La ville aura quelques \u00e9claircies le matin. Il fera en moyenne 13\u00b0C. C&rsquo;est un soleil splendide qui va se montrer demain apr\u00e8s-midi. Les temp\u00e9ratures vont grimper de plusieurs degr\u00e9s. Les maximales atteindront les 19\u00b0C et les minimales seront de 15\u00b0C. Des \u00e9claircies appara\u00eetront dans la soir\u00e9e.<\/p>\n<p class=\"mb-4 text-lg md:leading-8 break-words\">Les jours qui suivent s&rsquo;annoncent identiques. Un ciel ensoleill\u00e9, avec des temp\u00e9ratures de 14\u00b0C environ, est \u00e0 pr\u00e9voir.<\/p>\n<p class=\"mb-4 text-lg md:leading-8 break-words\"><a href=\"https:\/\/www.20minutes.fr\/planete\/previsions-meteo\/4178712-20251012-meteo-lyon-previsions-dimanche-12-octobre-2025?at_medium=RSS%20feed&amp;at_campaign=ynews&amp;utm_source=yahoo&amp;utm_medium=rss&amp;utm_campaign=news_feed&amp;utm_content=read_more_link&quot;\" rel=\"nofollow noopener\" target=\"_blank\" data-ylk=\"slk:Lire la suite sur 20minutes;elm:context_link;itc:0;sec:content-canvas\" class=\"link \">Lire la suite sur 20minutes<\/a><\/p>\n","protected":false},"excerpt":{"rendered":"M\u00e9t\u00e9o &#8211; Le soleil sera au rendez-vous : une belle journ\u00e9e se pr\u00e9sente ! Les temp\u00e9ratures seront de&hellip;\n","protected":false},"author":2,"featured_media":456198,"comment_status":"","ping_status":"","sticky":false,"template":"","format":"standard","meta":{"footnotes":""},"categories":[1889],"tags":[1111,11,2430,1777,674,1011,27,51394,2428,2487,12,25],"class_list":{"0":"post-456197","1":"post","2":"type-post","3":"status-publish","4":"format-standard","5":"has-post-thumbnail","7":"category-lyon","8":"tag-actu","9":"tag-actualites","10":"tag-auvergne-rhone-alpes","11":"tag-eu","12":"tag-europe","13":"tag-fr","14":"tag-france","15":"tag-la-matinee","16":"tag-lyon","17":"tag-meteo","18":"tag-news","19":"tag-republique-francaise"},"share_on_mastodon":{"url":"https:\/\/pubeurope.com\/@fr\/115358281388091577","error":""},"_links":{"self":[{"href":"https:\/\/www.europesays.com\/fr\/wp-json\/wp\/v2\/posts\/456197","targetHints":{"allow":["GET"]}}],"collection":[{"href":"https:\/\/www.europesays.com\/fr\/wp-json\/wp\/v2\/posts"}],"about":[{"href":"https:\/\/www.europesays.com\/fr\/wp-json\/wp\/v2\/types\/post"}],"author":[{"embeddable":true,"href":"https:\/\/www.europesays.com\/fr\/wp-json\/wp\/v2\/users\/2"}],"replies":[{"embeddable":true,"href":"https:\/\/www.europesays.com\/fr\/wp-json\/wp\/v2\/comments?post=456197"}],"version-history":[{"count":0,"href":"https:\/\/www.europesays.com\/fr\/wp-json\/wp\/v2\/posts\/456197\/revisions"}],"wp:featuredmedia":[{"embeddable":true,"href":"https:\/\/www.europesays.com\/fr\/wp-json\/wp\/v2\/media\/456198"}],"wp:attachment":[{"href":"https:\/\/www.europesays.com\/fr\/wp-json\/wp\/v2\/media?parent=456197"}],"wp:term":[{"taxonomy":"category","embeddable":true,"href":"https:\/\/www.europesays.com\/fr\/wp-json\/wp\/v2\/categories?post=456197"},{"taxonomy":"post_tag","embeddable":true,"href":"https:\/\/www.europesays.com\/fr\/wp-json\/wp\/v2\/tags?post=456197"}],"curies":[{"name":"wp","href":"https:\/\/api.w.org\/{rel}","templated":true}]}}