{"id":456207,"date":"2025-10-12T00:14:11","date_gmt":"2025-10-12T00:14:11","guid":{"rendered":"https:\/\/www.europesays.com\/fr\/456207\/"},"modified":"2025-10-12T00:14:11","modified_gmt":"2025-10-12T00:14:11","slug":"carney-condamne-les-attaques-de-la-russie-contre-lenergie-ukrainienne","status":"publish","type":"post","link":"https:\/\/www.europesays.com\/fr\/456207\/","title":{"rendered":"Carney condamne les attaques de la Russie contre l&rsquo;\u00e9nergie ukrainienne"},"content":{"rendered":"<p>Un compte rendu de l&rsquo;appel lanc\u00e9 par le Cabinet du premier ministre indique que M. Carney a condamn\u00e9 ces attaques et que le Canada travaille en \u00e9troite collaboration avec l&rsquo;Ukraine pour trouver de nouvelles fa\u00e7ons de soutenir la d\u00e9fense de ses infrastructures \u00e9nerg\u00e9tiques et de veiller \u00e0 ce que l&rsquo;Ukraine dispose d&rsquo;un approvisionnement suffisant en gaz \u00e0 l&rsquo;approche de l&rsquo;hiver.<\/p>\n<p>L&rsquo;\u00e9lectricit\u00e9 a \u00e9t\u00e9 r\u00e9tablie pour plus de 800 000 habitants de Kyiv samedi, au lendemain des attaques majeures lanc\u00e9es par la Russie contre le r\u00e9seau \u00e9lectrique ukrainien, qui ont provoqu\u00e9 des pannes de courant dans une grande partie du pays.<\/p>\n<p>Des frappes de drones et de missiles russes ont bless\u00e9 au moins 20 personnes \u00e0 Kyiv, endommag\u00e9 des immeubles r\u00e9sidentiels et provoqu\u00e9 des pannes de courant dans plusieurs r\u00e9gions d&rsquo;Ukraine t\u00f4t vendredi. Le minist\u00e8re russe de la D\u00e9fense a d\u00e9clar\u00e9 vendredi que les frappes avaient cibl\u00e9 des installations \u00e9nerg\u00e9tiques approvisionnant l&rsquo;arm\u00e9e ukrainienne.<\/p>\n<p>\n                \u00a0<\/p>\n<p>Le compte rendu indique que MM. Carney et Zelensky ont \u00e9galement discut\u00e9 de la Coalition internationale pour le rapatriement des enfants ukrainiens, convoqu\u00e9e par le Canada et l&rsquo;Ukraine lors de la 80e session de l&rsquo;Assembl\u00e9e g\u00e9n\u00e9rale des Nations Unies le mois dernier. Les dirigeants ont convenu de rester en contact \u00e9troit lors de la prochaine r\u00e9union des ministres des Finances du G7, ainsi que lors des assembl\u00e9es annuelles 2025 du Groupe de la Banque mondiale et du Fonds mon\u00e9taire international, afin d&rsquo;accro\u00eetre la pression financi\u00e8re sur la Russie.<\/p>\n<p>Le pr\u00e9sident Zelensky a expliqu\u00e9 samedi avoir \u00e9galement eu un entretien t\u00e9l\u00e9phonique \u00abtr\u00e8s positif et productif\u00bb avec le pr\u00e9sident am\u00e9ricain Donald Trump.<\/p>\n<p>Dans une publication sur X, M. Zelensky a expliqu\u00e9 avoir inform\u00e9 Donald Trump des attaques russes contre le syst\u00e8me \u00e9nerg\u00e9tique ukrainien et avoir discut\u00e9 des possibilit\u00e9s de renforcer la d\u00e9fense a\u00e9rienne de l&rsquo;Ukraine.<\/p>\n<p style=\"text-align: right;\">\u2014 Avec des informations de l&rsquo;AP<\/p>\n","protected":false},"excerpt":{"rendered":"Un compte rendu de l&rsquo;appel lanc\u00e9 par le Cabinet du premier ministre indique que M. Carney a condamn\u00e9&hellip;\n","protected":false},"author":2,"featured_media":456208,"comment_status":"","ping_status":"","sticky":false,"template":"","format":"standard","meta":{"footnotes":""},"categories":[1591],"tags":[11,1887,12,1885,1886,132],"class_list":{"0":"post-456207","1":"post","2":"type-post","3":"status-publish","4":"format-standard","5":"has-post-thumbnail","7":"category-russie","8":"tag-actualites","9":"tag-federation-de-russie","10":"tag-news","11":"tag-russia","12":"tag-russian-federation","13":"tag-russie"},"share_on_mastodon":{"url":"https:\/\/pubeurope.com\/@fr\/115358313002462297","error":""},"_links":{"self":[{"href":"https:\/\/www.europesays.com\/fr\/wp-json\/wp\/v2\/posts\/456207","targetHints":{"allow":["GET"]}}],"collection":[{"href":"https:\/\/www.europesays.com\/fr\/wp-json\/wp\/v2\/posts"}],"about":[{"href":"https:\/\/www.europesays.com\/fr\/wp-json\/wp\/v2\/types\/post"}],"author":[{"embeddable":true,"href":"https:\/\/www.europesays.com\/fr\/wp-json\/wp\/v2\/users\/2"}],"replies":[{"embeddable":true,"href":"https:\/\/www.europesays.com\/fr\/wp-json\/wp\/v2\/comments?post=456207"}],"version-history":[{"count":0,"href":"https:\/\/www.europesays.com\/fr\/wp-json\/wp\/v2\/posts\/456207\/revisions"}],"wp:featuredmedia":[{"embeddable":true,"href":"https:\/\/www.europesays.com\/fr\/wp-json\/wp\/v2\/media\/456208"}],"wp:attachment":[{"href":"https:\/\/www.europesays.com\/fr\/wp-json\/wp\/v2\/media?parent=456207"}],"wp:term":[{"taxonomy":"category","embeddable":true,"href":"https:\/\/www.europesays.com\/fr\/wp-json\/wp\/v2\/categories?post=456207"},{"taxonomy":"post_tag","embeddable":true,"href":"https:\/\/www.europesays.com\/fr\/wp-json\/wp\/v2\/tags?post=456207"}],"curies":[{"name":"wp","href":"https:\/\/api.w.org\/{rel}","templated":true}]}}