{"id":456209,"date":"2025-10-12T00:15:35","date_gmt":"2025-10-12T00:15:35","guid":{"rendered":"https:\/\/www.europesays.com\/fr\/456209\/"},"modified":"2025-10-12T00:15:35","modified_gmt":"2025-10-12T00:15:35","slug":"volodymyr-zelensky-et-donald-trump-ont-echange-samedi-sur-la-situation-en-ukraine","status":"publish","type":"post","link":"https:\/\/www.europesays.com\/fr\/456209\/","title":{"rendered":"Volodymyr Zelensky et Donald Trump ont \u00e9chang\u00e9 samedi sur la situation en Ukraine"},"content":{"rendered":"<p class=\"article-p mdl\">Un nouvel \u00e9change entre Donald Trump et Volodymyr Zelensky. Le pr\u00e9sident ukrainien en a profit\u00e9, samedi 11 octobre, pour f\u00e9liciter son homologue am\u00e9ricain apr\u00e8s l&rsquo;accord trouv\u00e9 \u00e0 Gaza. \u00ab\u00a0J&rsquo;ai f\u00e9licit\u00e9 le pr\u00e9sident Donald J. Trump pour son succ\u00e8s et l&rsquo;accord sur le Moyen-Orient qu&rsquo;il a pu obtenir, ce qui est une r\u00e9ussite exceptionnelle\u00a0\u00bb, a d\u00e9clar\u00e9 Zelensky.<\/p>\n<p class=\"article-p mdl\">Le pr\u00e9sident ukrainien a exhort\u00e9 le locataire de la Maison-Blanche \u00e0 <strong>n\u00e9gocier la paix en Ukraine<\/strong>. \u00ab\u00a0Si une guerre peut \u00eatre arr\u00eat\u00e9e dans une r\u00e9gion, alors d&rsquo;autres guerres peuvent certainement aussi \u00eatre arr\u00eat\u00e9es, y compris la guerre men\u00e9e par la Russie\u00a0\u00bb, a soulign\u00e9<a class=\"link\" href=\"https:\/\/www.rtl.fr\/actu\/international\/cela-fait-un-mois-qu-il-fonctionne-zelensky-annonce-que-l-ukraine-a-recu-d-israel-un-systeme-antiaerien-patriot-7900546151\" title=\"&quot;Cela fait un mois qu&#039;il fonctionne&quot; : Zelensky annonce que l&#039;Ukraine a re\u00e7u d&#039;Isra\u00ebl un syst\u00e8me antia\u00e9rien &quot;Patriot&quot;\" target=\"_blank\" rel=\"noopener\"> Volodymyr Zelensky<\/a>, jugeant cet appel entre les deux dirigeants\u00a0<strong>\u00ab\u00a0tr\u00e8s positif\u00a0\u00bb<\/strong>.\u00a0<\/p>\n<p class=\"article-p mdl\">Moscou continue de bombarder Kiev et son syst\u00e8me \u00e9nerg\u00e9tique. <strong>Des frappes russes ont tu\u00e9 samedi au moins cinq personnes<\/strong>. \u00ab\u00a0Nous avons discut\u00e9 des opportunit\u00e9s de renforcer notre d\u00e9fense a\u00e9rienne\u00a0\u00bb, a \u00e9galement affirm\u00e9 Volodymyr Zelensky.\u00a0<\/p>\n<p class=\"article-p mdl\">Une d\u00e9l\u00e9gation ukrainienne, sans Volodymyr Zelensky, mais avec la Premi\u00e8re ministre Ioulia Svyrydenko, est attendue la semaine prochaine aux \u00c9tats-Unis pour des discussions autour de possibles sanctions, l&rsquo;\u00e9nergie et la d\u00e9fense antia\u00e9rienne de Kiev.\u00a0<\/p>\n<p>    La r\u00e9daction vous recommande<\/p>\n<p class=\"s-newsletter__title\">\n                L\u2019actualit\u00e9 par la r\u00e9daction de RTL dans votre bo\u00eete mail.\n            <\/p>\n<p class=\"s-newsletter__subtitle\">\n                Gr\u00e2ce \u00e0 votre compte RTL abonnez-vous \u00e0 la newsletter RTL info pour suivre toute l&rsquo;actualit\u00e9 au quotidien\n            <\/p>\n<p>\n                                    Lire la suite\n                                <\/p>\n","protected":false},"excerpt":{"rendered":"Un nouvel \u00e9change entre Donald Trump et Volodymyr Zelensky. Le pr\u00e9sident ukrainien en a profit\u00e9, samedi 11 octobre,&hellip;\n","protected":false},"author":2,"featured_media":396560,"comment_status":"","ping_status":"","sticky":false,"template":"","format":"standard","meta":{"footnotes":""},"categories":[1590],"tags":[11,75,73,1777,674,107,131,12,132,220,135,134],"class_list":{"0":"post-456209","1":"post","2":"type-post","3":"status-publish","4":"format-standard","5":"has-post-thumbnail","7":"category-ukraine","8":"tag-actualites","9":"tag-donald-trump","10":"tag-etats-unis","11":"tag-eu","12":"tag-europe","13":"tag-fil-info","14":"tag-guerre-en-ukraine","15":"tag-news","16":"tag-russie","17":"tag-ukraine","18":"tag-vladimir-poutine","19":"tag-volodymyr-zelensky"},"share_on_mastodon":{"url":"https:\/\/pubeurope.com\/@fr\/115358316916295698","error":""},"_links":{"self":[{"href":"https:\/\/www.europesays.com\/fr\/wp-json\/wp\/v2\/posts\/456209","targetHints":{"allow":["GET"]}}],"collection":[{"href":"https:\/\/www.europesays.com\/fr\/wp-json\/wp\/v2\/posts"}],"about":[{"href":"https:\/\/www.europesays.com\/fr\/wp-json\/wp\/v2\/types\/post"}],"author":[{"embeddable":true,"href":"https:\/\/www.europesays.com\/fr\/wp-json\/wp\/v2\/users\/2"}],"replies":[{"embeddable":true,"href":"https:\/\/www.europesays.com\/fr\/wp-json\/wp\/v2\/comments?post=456209"}],"version-history":[{"count":0,"href":"https:\/\/www.europesays.com\/fr\/wp-json\/wp\/v2\/posts\/456209\/revisions"}],"wp:featuredmedia":[{"embeddable":true,"href":"https:\/\/www.europesays.com\/fr\/wp-json\/wp\/v2\/media\/396560"}],"wp:attachment":[{"href":"https:\/\/www.europesays.com\/fr\/wp-json\/wp\/v2\/media?parent=456209"}],"wp:term":[{"taxonomy":"category","embeddable":true,"href":"https:\/\/www.europesays.com\/fr\/wp-json\/wp\/v2\/categories?post=456209"},{"taxonomy":"post_tag","embeddable":true,"href":"https:\/\/www.europesays.com\/fr\/wp-json\/wp\/v2\/tags?post=456209"}],"curies":[{"name":"wp","href":"https:\/\/api.w.org\/{rel}","templated":true}]}}