{"id":456218,"date":"2025-10-12T00:20:11","date_gmt":"2025-10-12T00:20:11","guid":{"rendered":"https:\/\/www.europesays.com\/fr\/456218\/"},"modified":"2025-10-12T00:20:11","modified_gmt":"2025-10-12T00:20:11","slug":"il-a-eu-du-mal-le-probleme-inattendu-avec-zidane","status":"publish","type":"post","link":"https:\/\/www.europesays.com\/fr\/456218\/","title":{"rendered":"\u00abIl a eu du mal\u00bb : Le probl\u00e8me inattendu avec Zidane !"},"content":{"rendered":"<p>                    Alexis Poch<br \/>\n                        &#8211;<\/p>\n<p>Journaliste<\/p>\n<p>Titulaire d&rsquo;un Master en journalisme sportif, je suis tomb\u00e9 amoureux du tennis d\u00e8s l&rsquo;enfance et j&rsquo;ai toujours aim\u00e9 lire les belles histoires de ce sport. Aujourd&rsquo;hui, je souhaite les raconter, profiter de ma passion \u00e0 fond et \u00eatre au plus proche des as du circuit.<\/p>\n<p class=\"heading\">L\u00e9gende du football fran\u00e7ais, Zinedine Zidane a v\u00e9cu une grande carri\u00e8re de joueur et a r\u00e9ussi sa reconversion en tant qu&rsquo;entra\u00eeneur du Real Madrid. Vicente del Bosque, qui \u00e9tait son entra\u00eeneur lorsqu&rsquo;il a d\u00e9barqu\u00e9 dans la capitale espagnole en 2001, se souvient d&rsquo;une adaptation difficile. A l&rsquo;\u00e9poque, le Fran\u00e7ais avait \u00e9t\u00e9 recrut\u00e9 \u00e0 la Juventus.<\/p>\n<p>Champion du monde et <strong>Ballon d&rsquo;Or<\/strong> en 1998,<strong> <\/strong><a href=\"https:\/\/le10sport.com\/football\/espagne\/real-madrid\/zinedine-zidane-le-tacle-que-personne-na-vu-venir-au-real-madrid-760965\" rel=\"nofollow noopener\" target=\"_blank\"><strong>Zin\u00e9dine Zidane<\/strong><\/a> a termin\u00e9 sa carri\u00e8re en 2006 et il \u00e9voluait au <strong>Real Madrid <\/strong>depuis 2001. Il a \u00e9videmment laiss\u00e9 un souvenir imp\u00e9rissable au club de la capitale espagnole, dont il est devenu l&rsquo;entra\u00eeneur ensuite. Mais tout n&rsquo;a pas \u00e9t\u00e9 si simple au d\u00e9but, comme se souvient <strong>Vicente del Bosque.<\/strong><\/p>\n<p>                                            Zidane s&rsquo;est d\u00e9marqu\u00e9 au Real Madrid<\/p>\n<p>Consid\u00e9r\u00e9 comme l&rsquo;un des meilleurs joueurs du monde \u00e0 l&rsquo;\u00e9poque, <strong>Zin\u00e9dine Zidane<\/strong> est devenu un \u00ab\u00a0Galactique\u00a0\u00bb du <strong>Real Madrid<\/strong> et est recrut\u00e9 pour 75M\u20ac, ce qui fait de lui le joueur le plus cher de l&rsquo;histoire \u00e0 l&rsquo;\u00e9poque. Ses qualit\u00e9s \u00e9taient reconnues de tous. \u00ab Il a \u00e9t\u00e9 l&rsquo;une des grandes recrues du club et un tr\u00e8s bon joueur. Il \u00e9tait tr\u00e8s exigeant avec lui-m\u00eame, tr\u00e8s exigeant avec ses co\u00e9quipiers \u00bb d\u00e9bute <strong>Vicente del Bosque<\/strong> dans une interview pour Flashscore.<\/p>\n<p>                                            Zidane en difficult\u00e9 \u00e0 ses d\u00e9buts \u00e0 Madrid<\/p>\n<p>Toutefois, <strong>Zin\u00e9dine Zidane<\/strong> n&rsquo;a pas \u00e9t\u00e9 souverain lors de ses d\u00e9buts dans la capitale espagnole. <strong>Vicente del Bosque<\/strong>, qui \u00e9tait l&rsquo;entra\u00eeneur du club \u00e0 cette \u00e9poque-l\u00e0, se souvient d&rsquo;une p\u00e9riode un peu compliqu\u00e9e. \u00ab Et je pense, en toute modestie, qu&rsquo;au d\u00e9but, il a eu un peu de mal \u00e0 s&rsquo;adapter. Il venait du football italien, avec un style de jeu diff\u00e9rent et d&rsquo;autres fa\u00e7ons d&rsquo;appr\u00e9hender l&rsquo;entra\u00eenement. Au d\u00e9but, il a eu un peu de mal \u00e0 s&rsquo;adapter \u00e0 nous, mais si on lui demandait aujourd&rsquo;hui \u00e0 quel moment il \u00e9tait le meilleur, la Juventus ou le Real Madrid, je pense qu&rsquo;il dirait le Real Madrid \u00bb ajoute l&rsquo;ancien s\u00e9lectionneur de l&rsquo;\u00e9quipe d&rsquo;Espagne.<\/p>\n","protected":false},"excerpt":{"rendered":"Alexis Poch &#8211; Journaliste Titulaire d&rsquo;un Master en journalisme sportif, je suis tomb\u00e9 amoureux du tennis d\u00e8s l&rsquo;enfance&hellip;\n","protected":false},"author":2,"featured_media":456219,"comment_status":"","ping_status":"","sticky":false,"template":"","format":"standard","meta":{"footnotes":""},"categories":[1586],"tags":[11,1777,674,1779,1011,27,12,25,1778,364],"class_list":{"0":"post-456218","1":"post","2":"type-post","3":"status-publish","4":"format-standard","5":"has-post-thumbnail","7":"category-europe","8":"tag-actualites","9":"tag-eu","10":"tag-europe","11":"tag-european-union","12":"tag-fr","13":"tag-france","14":"tag-news","15":"tag-republique-francaise","16":"tag-ue","17":"tag-union-europeenne"},"share_on_mastodon":{"url":"https:\/\/pubeurope.com\/@fr\/115358336548587670","error":""},"_links":{"self":[{"href":"https:\/\/www.europesays.com\/fr\/wp-json\/wp\/v2\/posts\/456218","targetHints":{"allow":["GET"]}}],"collection":[{"href":"https:\/\/www.europesays.com\/fr\/wp-json\/wp\/v2\/posts"}],"about":[{"href":"https:\/\/www.europesays.com\/fr\/wp-json\/wp\/v2\/types\/post"}],"author":[{"embeddable":true,"href":"https:\/\/www.europesays.com\/fr\/wp-json\/wp\/v2\/users\/2"}],"replies":[{"embeddable":true,"href":"https:\/\/www.europesays.com\/fr\/wp-json\/wp\/v2\/comments?post=456218"}],"version-history":[{"count":0,"href":"https:\/\/www.europesays.com\/fr\/wp-json\/wp\/v2\/posts\/456218\/revisions"}],"wp:featuredmedia":[{"embeddable":true,"href":"https:\/\/www.europesays.com\/fr\/wp-json\/wp\/v2\/media\/456219"}],"wp:attachment":[{"href":"https:\/\/www.europesays.com\/fr\/wp-json\/wp\/v2\/media?parent=456218"}],"wp:term":[{"taxonomy":"category","embeddable":true,"href":"https:\/\/www.europesays.com\/fr\/wp-json\/wp\/v2\/categories?post=456218"},{"taxonomy":"post_tag","embeddable":true,"href":"https:\/\/www.europesays.com\/fr\/wp-json\/wp\/v2\/tags?post=456218"}],"curies":[{"name":"wp","href":"https:\/\/api.w.org\/{rel}","templated":true}]}}