{"id":456230,"date":"2025-10-12T00:26:12","date_gmt":"2025-10-12T00:26:12","guid":{"rendered":"https:\/\/www.europesays.com\/fr\/456230\/"},"modified":"2025-10-12T00:26:12","modified_gmt":"2025-10-12T00:26:12","slug":"rugby-le-numero-inadmissible-de-hugo-reus-avec-montpellier","status":"publish","type":"post","link":"https:\/\/www.europesays.com\/fr\/456230\/","title":{"rendered":"Rugby | Le num\u00e9ro inadmissible de Hugo Reus avec Montpellier"},"content":{"rendered":"<p><strong>Avant le choc de cette 6e journ\u00e9e de Top 14 entre le Stade toulousain et l\u2019Union Bordeaux B\u00e8gles, le Racing 92 \u00e9tait oppos\u00e9 \u00e0 Montpellier. Et Hugo Reus a confirm\u00e9 que nous devions nous m\u00e9fier de lui \u00e0 l\u2019avenir au rugby.<\/strong><\/p>\n<p>Hugo Reus remet au go\u00fbt du jour la chistera au rugby<\/p>\n<p>Dans le cadre de la sixi\u00e8me journ\u00e9e de Top 14, le Racing 92 recevait Montpellier. Alors qu\u2019on joue l\u2019heure de jeu, et que les locaux m\u00e8nent 27-13, le MHR porte une attaque. Puis le ballon arrive dans les mains de Hugo Reus, entr\u00e9 cinq minutes plus t\u00f4t. Voyant un intervalle, le demi d\u2019ouverture h\u00e9raultais s\u2019y engouffre, avant de distiller une chistera en direction de Lenni Nouchi, pour le deuxi\u00e8me essai de Montpellier. Mais comme vous pouvez le voir, ce n\u2019est pas l\u2019essai, m\u00eame r\u00e9ceptionn\u00e9 \u00e0 une main, qui provoque le plus notre col\u00e8re.<\/p>\n<blockquote class=\"twitter-tweet\">\n<p dir=\"ltr\" lang=\"fr\">QUELLE CHISTERA DE REUS \ud83e\udd2f<\/p>\n<p>La chistera d\u2019Hugo Reus pour l\u2019essai de Lenni Nouchi et des Montpelli\u00e9rains !<br \/><a href=\"https:\/\/twitter.com\/MHR_officiel?ref_src=twsrc%5Etfw\" rel=\"nofollow noopener\" target=\"_blank\">@MHR_officiel<\/a><br \/><a href=\"https:\/\/twitter.com\/hashtag\/R92MHR?src=hash&amp;ref_src=twsrc%5Etfw\" rel=\"nofollow noopener\" target=\"_blank\">#R92MHR<\/a> <a href=\"https:\/\/t.co\/Ixhmkeld0V\" rel=\"nofollow\">pic.twitter.com\/Ixhmkeld0V<\/a><\/p>\n<p>\u2014 CANAL+ Rugby (@CanalplusRugby) <a href=\"https:\/\/twitter.com\/CanalplusRugby\/status\/1977044657012936922?ref_src=twsrc%5Etfw\" rel=\"nofollow noopener\" target=\"_blank\">October 11, 2025<\/a><\/p>\n<\/blockquote>\n<p>                         <a href=\"https:\/\/fflose.com\/author\/tomgaleron\/\" class=\"url\" title=\"Tom\" rel=\"nofollow noopener\" target=\"_blank\"> <img loading=\"lazy\" decoding=\"async\" alt=\"Tom\" src=\"https:\/\/www.europesays.com\/fr\/wp-content\/uploads\/2025\/10\/1760228772_379_fa539669b9b6c266044bdafc0534c1c7e71784259f6e9e9e6fab2d5d73302c49\"  class=\"avatar avatar-250 photo\" height=\"250\" width=\"250\"\/><\/a> <\/p>\n<p>Natif de Marseille, autant vous dire qu&rsquo;il est pr\u00e9f\u00e9rable de ne pas me parler de football en ce moment. Merci pour votre compr\u00e9hension.<\/p>\n<p> <a href=\"https:\/\/fflose.com\/author\/tomgaleron\/\" class=\"url\" title=\"Tom\" rel=\"nofollow noopener\" target=\"_blank\"><img loading=\"lazy\" decoding=\"async\" alt=\"Tom\" src=\"https:\/\/www.europesays.com\/fr\/wp-content\/uploads\/2025\/10\/1760228772_379_fa539669b9b6c266044bdafc0534c1c7e71784259f6e9e9e6fab2d5d73302c49\"  class=\"avatar avatar-250 photo\" height=\"250\" width=\"250\"\/><\/a>  <\/p>\n<p><script async src=\"https:\/\/platform.twitter.com\/widgets.js\" charset=\"utf-8\"><\/script><\/p>\n","protected":false},"excerpt":{"rendered":"Avant le choc de cette 6e journ\u00e9e de Top 14 entre le Stade toulousain et l\u2019Union Bordeaux B\u00e8gles,&hellip;\n","protected":false},"author":2,"featured_media":456231,"comment_status":"","ping_status":"","sticky":false,"template":"","format":"standard","meta":{"footnotes":""},"categories":[1416],"tags":[1011,27,479,1468,60],"class_list":{"0":"post-456230","1":"post","2":"type-post","3":"status-publish","4":"format-standard","5":"has-post-thumbnail","7":"category-rugby","8":"tag-fr","9":"tag-france","10":"tag-rugby","11":"tag-rugby-football","12":"tag-sports"},"share_on_mastodon":{"url":"https:\/\/pubeurope.com\/@fr\/115358360723547627","error":""},"_links":{"self":[{"href":"https:\/\/www.europesays.com\/fr\/wp-json\/wp\/v2\/posts\/456230","targetHints":{"allow":["GET"]}}],"collection":[{"href":"https:\/\/www.europesays.com\/fr\/wp-json\/wp\/v2\/posts"}],"about":[{"href":"https:\/\/www.europesays.com\/fr\/wp-json\/wp\/v2\/types\/post"}],"author":[{"embeddable":true,"href":"https:\/\/www.europesays.com\/fr\/wp-json\/wp\/v2\/users\/2"}],"replies":[{"embeddable":true,"href":"https:\/\/www.europesays.com\/fr\/wp-json\/wp\/v2\/comments?post=456230"}],"version-history":[{"count":0,"href":"https:\/\/www.europesays.com\/fr\/wp-json\/wp\/v2\/posts\/456230\/revisions"}],"wp:featuredmedia":[{"embeddable":true,"href":"https:\/\/www.europesays.com\/fr\/wp-json\/wp\/v2\/media\/456231"}],"wp:attachment":[{"href":"https:\/\/www.europesays.com\/fr\/wp-json\/wp\/v2\/media?parent=456230"}],"wp:term":[{"taxonomy":"category","embeddable":true,"href":"https:\/\/www.europesays.com\/fr\/wp-json\/wp\/v2\/categories?post=456230"},{"taxonomy":"post_tag","embeddable":true,"href":"https:\/\/www.europesays.com\/fr\/wp-json\/wp\/v2\/tags?post=456230"}],"curies":[{"name":"wp","href":"https:\/\/api.w.org\/{rel}","templated":true}]}}