{"id":456236,"date":"2025-10-12T00:31:12","date_gmt":"2025-10-12T00:31:12","guid":{"rendered":"https:\/\/www.europesays.com\/fr\/456236\/"},"modified":"2025-10-12T00:31:12","modified_gmt":"2025-10-12T00:31:12","slug":"quel-impact-pour-la-scuderia-en-f1","status":"publish","type":"post","link":"https:\/\/www.europesays.com\/fr\/456236\/","title":{"rendered":"quel impact pour la Scuderia en F1 ?"},"content":{"rendered":"<p data-start=\"0\" data-end=\"485\">Le\u00a0Capital Markets Day est un \u00e9v\u00e9nement durant<br \/>\nlequel la marque a pr\u00e9sent\u00e9 ses objectifs \u00e9conomiques et sa<br \/>\nstrat\u00e9gie \u00e0 long terme.<\/p>\n<p data-start=\"0\" data-end=\"485\">L\u2019\u00e9curie italienne, pourtant la<br \/>\nplus titr\u00e9e de l\u2019histoire de la discipline, n\u2019a plus remport\u00e9 le<br \/>\nchampionnat constructeurs depuis 2008, ni le titre pilotes depuis<br \/>\ncelui de Kimi R\u00e4ikk\u00f6nen en 2007.<\/p>\n<p>L\u00a0\u00bbendurance plut\u00f4t que les Grands<br \/>\nPrix<\/p>\n<p data-start=\"487\" data-end=\"728\">Malgr\u00e9 cette longue attente en<br \/>\nF1, <a href=\"https:\/\/f1i.autojournal.fr\/dossiers\/ecuries-de-f1\/scuderia-ferrari-357156.html\" target=\"_blank\" rel=\"noopener\"><br \/>\nFerrari<\/a> continue de briller dans d\u2019autres disciplines. Le<br \/>\nconstructeur domine actuellement le Championnat du Monde<br \/>\nd\u2019Endurance WEC 2025 et reste sur trois victoires cons\u00e9cutives dans<br \/>\nles prestigieuses 24 Heures du Mans.<\/p>\n<p data-start=\"732\" data-end=\"999\">\u00ab La derni\u00e8re fois, nous<br \/>\nnous \u00e9tions engag\u00e9s \u00e0 gagner en course, a rappel\u00e9<br \/>\nVigna.\u00a0Nous y sommes parvenus avec la 499P en endurance,<br \/>\no\u00f9 nous sommes invaincu au Mans depuis trois ans, mais en Formule 1<br \/>\nnous devons nous am\u00e9liorer. Nous devons gagner. Nous le devons \u00e0<br \/>\nnos fans, fid\u00e8les partout dans le monde. \u00bb<\/p>\n<p>Une vision ambitieuse mais<br \/>\nprudente<\/p>\n<p data-start=\"1047\" data-end=\"1331\">Le Capital Markets Day a \u00e9galement servi \u00e0<br \/>\nd\u00e9voiler les pr\u00e9visions \u00e9conomiques du constructeur avec des<br \/>\nannonces plut\u00f4t timides. Ferrari anticipe un chiffre d\u2019affaires de<br \/>\n7,1 milliards d\u2019euros en 2025, et vise 9 milliards \u00e0 l\u2019horizon<br \/>\n2030, pour un b\u00e9n\u00e9fice ajust\u00e9 d\u2019au moins 3,6 milliards d\u2019euros.<\/p>\n<p data-start=\"1333\" data-end=\"1459\">Le pr\u00e9sident de Ferrari John<br \/>\nElkann a pris la parole pour souligner l\u2019importance de l\u2019identit\u00e9<br \/>\nmultiple de la marque : \u00ab Ferrari est unique et repose sur<br \/>\ntrois dimensions : la tradition, la technologie et la<br \/>\ncomp\u00e9tition, a-t-il d\u00e9clar\u00e9.\u00a0La combinaison parfaite<br \/>\nde ces trois \u00e2mes d\u00e9finit Ferrari. La course, une histoire qui a<br \/>\ncommenc\u00e9 sur les circuits il y a pr\u00e8s de cent ans, d\u00e9finit qui nous<br \/>\nsommes. Je veux \u00eatre clair : c\u2019est une affaire personnelle.<br \/>\n\u00bb<\/p>\n<p data-start=\"1813\" data-end=\"2408\">\u00ab Mon engagement, en tant<br \/>\nque pr\u00e9sident, actionnaire majoritaire et passionn\u00e9 de Ferrari<br \/>\ndepuis toujours, est de faire en sorte que chaque d\u00e9cision renforce<br \/>\nl\u2019unicit\u00e9 de Ferrari, mart\u00e8le-t-il. Je suis engag\u00e9 aupr\u00e8s<br \/>\nde nos collaborateurs, dont le talent et la d\u00e9termination sont la<br \/>\nplus grande garantie de notre avenir. \u00bb<\/p>\n<p>La Bourse sanctionne des<br \/>\nattentes trop modestes<\/p>\n<p data-start=\"2477\" data-end=\"2836\">Malgr\u00e9 ces ambitions, les<br \/>\nr\u00e9sultats financiers annonc\u00e9s ont d\u00e9\u00e7u les march\u00e9s, jug\u00e9s<br \/>\ninf\u00e9rieurs aux pr\u00e9visions de croissance publi\u00e9es par Ferrari en<br \/>\n2022. Le titre Ferrari a enregistr\u00e9 sa plus forte baisse en une<br \/>\njourn\u00e9e depuis son entr\u00e9e en Bourse, chutant de 15 % \u00e0 New York et<br \/>\nde plus de 14 % \u00e0 Milan, pour tomber autour de 357,60 \u20ac.<\/p>\n<p data-start=\"2838\" data-end=\"3023\">Une chute d\u2019autant plus<br \/>\nsymbolique qu\u2019elle est survenue le jour m\u00eame o\u00f9 le constructeur<br \/>\nd\u00e9voilait les premi\u00e8res informations techniques sur sa future<br \/>\nvoiture \u00e9lectrique, la Ferrari Elletrica, pr\u00e9vue pour 2026.<\/p>\n<p data-start=\"3027\" data-end=\"3429\">\u00ab Les gens s\u2019attendaient<br \/>\nclairement \u00e0 un chiffre d\u2019affaires plus \u00e9lev\u00e9, a reconnu Vigna<br \/>\nen conf\u00e9rence de presse.\u00a0Mais je pense qu\u2019il est important<br \/>\nde tenir nos promesses. Nous ne pouvons pas nous engager sur<br \/>\nquelque chose que nous ne serions pas capables de r\u00e9aliser.<br \/>\nLe march\u00e9 l\u2019a compris : il existe des opportunit\u00e9s, mais nous<br \/>\ndevons rester prudents dans la mani\u00e8re de les exploiter. \u00bb<\/p>\n<p data-start=\"3436\" data-end=\"3637\" data-is-last-node=\"\" data-is-only-node=\"\">Ferrari affiche donc une strat\u00e9gie fond\u00e9e sur<br \/>\nla patience, la rigueur et la fid\u00e9lit\u00e9 \u00e0 son h\u00e9ritage, tout en<br \/>\npoursuivant son objectif ultime sur le plan sportif : ramener le<br \/>\ntitre mondial de Formule 1 \u00e0 Maranello.<\/p>\n","protected":false},"excerpt":{"rendered":"Le\u00a0Capital Markets Day est un \u00e9v\u00e9nement durant lequel la marque a pr\u00e9sent\u00e9 ses objectifs \u00e9conomiques et sa strat\u00e9gie&hellip;\n","protected":false},"author":2,"featured_media":456237,"comment_status":"","ping_status":"","sticky":false,"template":"","format":"standard","meta":{"footnotes":""},"categories":[1412],"tags":[58142,1451,2251,1452,1453,1454,1455,1011,27,60,58143],"class_list":{"0":"post-456236","1":"post","2":"type-post","3":"status-publish","4":"format-standard","5":"has-post-thumbnail","7":"category-f1","8":"tag-elkann","9":"tag-f1","10":"tag-ferrari","11":"tag-formula-1","12":"tag-formula1","13":"tag-formule-1","14":"tag-formule1","15":"tag-fr","16":"tag-france","17":"tag-sports","18":"tag-vigna"},"share_on_mastodon":{"url":"https:\/\/pubeurope.com\/@fr\/115358379799634107","error":""},"_links":{"self":[{"href":"https:\/\/www.europesays.com\/fr\/wp-json\/wp\/v2\/posts\/456236","targetHints":{"allow":["GET"]}}],"collection":[{"href":"https:\/\/www.europesays.com\/fr\/wp-json\/wp\/v2\/posts"}],"about":[{"href":"https:\/\/www.europesays.com\/fr\/wp-json\/wp\/v2\/types\/post"}],"author":[{"embeddable":true,"href":"https:\/\/www.europesays.com\/fr\/wp-json\/wp\/v2\/users\/2"}],"replies":[{"embeddable":true,"href":"https:\/\/www.europesays.com\/fr\/wp-json\/wp\/v2\/comments?post=456236"}],"version-history":[{"count":0,"href":"https:\/\/www.europesays.com\/fr\/wp-json\/wp\/v2\/posts\/456236\/revisions"}],"wp:featuredmedia":[{"embeddable":true,"href":"https:\/\/www.europesays.com\/fr\/wp-json\/wp\/v2\/media\/456237"}],"wp:attachment":[{"href":"https:\/\/www.europesays.com\/fr\/wp-json\/wp\/v2\/media?parent=456236"}],"wp:term":[{"taxonomy":"category","embeddable":true,"href":"https:\/\/www.europesays.com\/fr\/wp-json\/wp\/v2\/categories?post=456236"},{"taxonomy":"post_tag","embeddable":true,"href":"https:\/\/www.europesays.com\/fr\/wp-json\/wp\/v2\/tags?post=456236"}],"curies":[{"name":"wp","href":"https:\/\/api.w.org\/{rel}","templated":true}]}}