{"id":456242,"date":"2025-10-12T00:34:12","date_gmt":"2025-10-12T00:34:12","guid":{"rendered":"https:\/\/www.europesays.com\/fr\/456242\/"},"modified":"2025-10-12T00:34:12","modified_gmt":"2025-10-12T00:34:12","slug":"dany-boon-revient-sur-la-rumeur-de-sa-mort-apres-un-accident-de-voiture","status":"publish","type":"post","link":"https:\/\/www.europesays.com\/fr\/456242\/","title":{"rendered":"Dany Boon revient sur la rumeur de sa mort apr\u00e8s un accident de voiture"},"content":{"rendered":"<p>    Dany Boon dans \u00abC \u00e0 vous\u00bb<br \/>\n                Capture d&rsquo;\u00e9cran<\/p>\n<p>\n    L\u2019humoriste et acteur \u00e9tait invit\u00e9 \u00e0 la table de Mohamed Bouhafsi dans \u00abC \u00e0 vous\u00bb ce samedi 11 octobre \u00e0 l\u2019occasion de son retour avec un seul en sc\u00e8ne intitul\u00e9 Clown n\u2019est pas un m\u00e9tier.<\/p>\n<p class=\"fig-paragraph\">Les rumeurs sur les r\u00e9seaux sociaux ont la peau dure. Le 5 mai dernier,\u00a0<a href=\"https:\/\/www.lefigaro.fr\/tag\/dany-boon\" target=\"_blank\" rel=\"sponsored noopener\" data-gtm-custom-categorie=\"navigation\" data-gtm-custom-action=\"crossclick\" data-gtm-custom-label=\"Contextuel\" data-gtm-event=\"customEventSPE\"><strong>Dany Boon<\/strong><\/a> \u00a0a \u00e9t\u00e9 victime d\u2019un accident de voiture sur l\u2019autoroute A4. Et alors qu\u2019il se remettait du choc sans grande gravit\u00e9 pour sa sant\u00e9, l\u2019humoriste a \u00e9t\u00e9 pr\u00eat\u00e9 pour mort par les r\u00e9seaux sociaux.<\/p>\n<p class=\"fig-paragraph\">\u00ab Je viens malheureusement d\u2019apprendre&#8230; ma mort. Que dire, sinon que c\u2019est toujours les meilleurs qui partent les premiers. (Il soupire) J\u2019ai du mal \u00e0 l\u2019accepter. C\u2019\u00e9tait tr\u00e8s soudain comme tr\u00e8s souvent les d\u00e9c\u00e8s\u00bb, a-t-il r\u00e9agi ironiquement dans une vid\u00e9o post\u00e9e sur son compte Instagram alors m\u00eame que la rumeur circulait.<\/p>\n<p class=\"fig-body-link\">\n            \u00c0 lire aussi<br \/>\n        <a class=\"fig-body-link__link\" href=\"http:\/\/tvmag.lefigaro.fr\/programme-tv\/people\/je-vais-avoir-des-problemes-avec-batman-la-rencontre-insolite-de-dany-boon-avec-christian-bale-20250629\" target=\"_blank\" data-fig-type=\"Article\" rel=\"noopener\" data-gtm-custom-categorie=\"navigation\" data-gtm-custom-action=\"crossclick\" data-gtm-custom-label=\"Contextuel\" data-gtm-event=\"customEventSPE\" data-fig-domain=\"TVMAG\">\u00abJe vais avoir des probl\u00e8mes avec Batman\u00bb\u00a0: la rencontre insolite de Dany Boon avec Christian Bale<br \/>\n    <\/a>\n<\/p>\n<p>                                    <a class=\"fig-a11y-skip a11y-hidden\" href=\"#fig-a11y-skip-main-inarticle\"><br \/>\n        Passer la publicit\u00e9<br \/>\n    <\/a><\/p>\n<p>\u00abC\u2019\u00e9tait compliqu\u00e9 pour ma famille\u00bb<\/p>\n<p class=\"fig-paragraph\">Cinq mois plus tard, invit\u00e9 de \u00abC \u00e0 vous\u00bb \u00e0 l\u2019occasion de son retour sur les planches avec un nouveau one-man-show Clown n\u2019est pas un m\u00e9tier, Dany Boon est revenu sur les impacts de telles rumeurs sur sa vie. \u00ab\u00c7a ne m\u2019a pas bless\u00e9 mais apr\u00e8s tout le monde m\u2019a appel\u00e9. Effectivement, j\u2019ai eu un accident de voiture assez important, je suis sorti de l\u2019autoroute la voiture \u00e9tait d\u00e9truite\u00bb, a-t-il expliqu\u00e9 tout en ironisant sur le changement de comportement des personnes (fans) d\u00e8s lors qu\u2019ils le reconnaissaient. \u00abD\u2019un seul coup, l\u2019accident, tout le monde s\u2019en fout.\u00bb<\/p>\n<p class=\"fig-paragraph\">L\u2019humoriste avait imm\u00e9diatement anticip\u00e9 le risque de rumeurs en informant ses proches directement apr\u00e8s l\u2019accident. \u00abMon angoisse \u00e9tait que \u00e7a sorte \u00e9videmment. Donc les gendarmes et les pompiers ont \u00e9t\u00e9 formidables\u00bb, a soulign\u00e9 Dany Boon alors qu\u2019il souhaitait \u00eatre discret. \u00abIls m\u2019ont mis une charlotte sur la t\u00eate et un masque pour aller \u00e0 l\u2019h\u00f4pital, il fallait que je fasse des examens\u00bb, s\u2019est-il rem\u00e9mor\u00e9 avec le sourire. Malgr\u00e9 ces pr\u00e9cautions, l\u2019information a tout de m\u00eame fini par circuler. \u00abEt heureusement j\u2019avais pr\u00e9venu ma m\u00e8re. Mais le probl\u00e8me ce sont les proches qui appellent pour dire\u00a0: \u201cOh mon dieu, ton fils&#8230; C\u2019est quand l\u2019enterrement\u00a0?\u201d C\u2019\u00e9tait compliqu\u00e9 pour ma famille\u00bb, a-t-il d\u00e9plor\u00e9. Et de poursuivre sur une note bien plus l\u00e9g\u00e8re, teint\u00e9e de second degr\u00e9\u00a0: \u00abC\u2019est pour \u00e7a que j\u2019ai fait la vid\u00e9o. Et puis surtout j\u2019avais peur du pr\u00e9l\u00e8vement d\u2019organes parce que je suis donneur moi. J\u2019avais peur qu\u2019on me les pr\u00e9l\u00e8ve alors que je suis encore vivant.\u00bb<\/p>\n","protected":false},"excerpt":{"rendered":"Dany Boon dans \u00abC \u00e0 vous\u00bb Capture d&rsquo;\u00e9cran L\u2019humoriste et acteur \u00e9tait invit\u00e9 \u00e0 la table de Mohamed&hellip;\n","protected":false},"author":2,"featured_media":456243,"comment_status":"","ping_status":"","sticky":false,"template":"","format":"standard","meta":{"footnotes":""},"categories":[1359],"tags":[17146,58,59,1011,27,4467,973],"class_list":{"0":"post-456242","1":"post","2":"type-post","3":"status-publish","4":"format-standard","5":"has-post-thumbnail","7":"category-people","8":"tag-dany-boon","9":"tag-divertissement","10":"tag-entertainment","11":"tag-fr","12":"tag-france","13":"tag-france-5","14":"tag-people"},"share_on_mastodon":{"url":"https:\/\/pubeurope.com\/@fr\/115358391746421141","error":""},"_links":{"self":[{"href":"https:\/\/www.europesays.com\/fr\/wp-json\/wp\/v2\/posts\/456242","targetHints":{"allow":["GET"]}}],"collection":[{"href":"https:\/\/www.europesays.com\/fr\/wp-json\/wp\/v2\/posts"}],"about":[{"href":"https:\/\/www.europesays.com\/fr\/wp-json\/wp\/v2\/types\/post"}],"author":[{"embeddable":true,"href":"https:\/\/www.europesays.com\/fr\/wp-json\/wp\/v2\/users\/2"}],"replies":[{"embeddable":true,"href":"https:\/\/www.europesays.com\/fr\/wp-json\/wp\/v2\/comments?post=456242"}],"version-history":[{"count":0,"href":"https:\/\/www.europesays.com\/fr\/wp-json\/wp\/v2\/posts\/456242\/revisions"}],"wp:featuredmedia":[{"embeddable":true,"href":"https:\/\/www.europesays.com\/fr\/wp-json\/wp\/v2\/media\/456243"}],"wp:attachment":[{"href":"https:\/\/www.europesays.com\/fr\/wp-json\/wp\/v2\/media?parent=456242"}],"wp:term":[{"taxonomy":"category","embeddable":true,"href":"https:\/\/www.europesays.com\/fr\/wp-json\/wp\/v2\/categories?post=456242"},{"taxonomy":"post_tag","embeddable":true,"href":"https:\/\/www.europesays.com\/fr\/wp-json\/wp\/v2\/tags?post=456242"}],"curies":[{"name":"wp","href":"https:\/\/api.w.org\/{rel}","templated":true}]}}