{"id":456245,"date":"2025-10-12T00:36:15","date_gmt":"2025-10-12T00:36:15","guid":{"rendered":"https:\/\/www.europesays.com\/fr\/456245\/"},"modified":"2025-10-12T00:36:15","modified_gmt":"2025-10-12T00:36:15","slug":"a-yaounde-une-librairie-se-bat-pour-la-liberte-dexpression","status":"publish","type":"post","link":"https:\/\/www.europesays.com\/fr\/456245\/","title":{"rendered":"A Yaound\u00e9, une librairie se bat pour la libert\u00e9 d&rsquo;expression"},"content":{"rendered":"<p>    R\u00e9sum\u00e9 en 20 secondes<\/p>\n<p>        En savoir plus sur ce type de contenu<\/p>\n<p>Ce r\u00e9sum\u00e9 peut avoir \u00e9t\u00e9 \u00e9crit avec l&rsquo;assistance d\u2019une IA g\u00e9n\u00e9rative. <a href=\"https:\/\/www.letemps.ch\/cyber\/l-usage-de-l-ia-generative-par-les-journalistes-du-temps\" target=\"_blank\" rel=\"noopener\">En savoir plus<\/a><\/p>\n<p class=\"article__abstract-call-to-action\" data-ariato=\"TrackableElement\" data-trackable-element-type=\"article_abstract_cta\" data-trackable-element-location=\"article_header\" data-trackable-element-id=\"508940\">\n        <a data-event=\"click-&gt;clicked\" href=\"https:\/\/www.letemps.ch\/abonnements\" target=\"_blank\" rel=\"noopener\">Abonnez-vous<\/a> pour acc\u00e9der au r\u00e9sum\u00e9 en 20 secondes.\n      <\/p>\n<p>Pour s\u2019y rendre, il faut prendre de la hauteur. Quitter l\u2019agitation \u00abklaxonnante\u00bb d\u2019un rond-point central et monter une rue en pente raide. Et nous voil\u00e0 face \u00e0 la devanture de la Librairie des peuples noirs (LPN), \u00e0 Yaound\u00e9, au Cameroun. Coll\u00e9 \u00e0 un poteau, un \u00e9criteau d\u00e9livr\u00e9 par le Centre national du livre\u00a0annonce: \u00abLibrairie francophone de r\u00e9f\u00e9rence\u00bb.<\/p>\n<p>Ce matin d\u2019ao\u00fbt, l\u2019endroit est calme, on entend juste les libraires qui s\u2019affairent \u00e0 leurs \u00e9tals. Les livres sur celui qui accueille le chaland donnent le ton. Monsieur le pr\u00e9sident, partez!; Les Ann\u00e9es Biya; L\u2019Ange du chaos. Les titres de ces ouvrages visent tous le m\u00eame homme: l\u2019autocrate Paul Biya. Pr\u00e9sident du Cameroun depuis 1982, et qui aspire \u00e0 le rester. Le plus vieux chef d\u2019Etat de la plan\u00e8te, \u00e2g\u00e9 de 92\u00a0ans, sera candidat \u00e0 sa propre succession lors de l\u2019\u00e9lection pr\u00e9sidentielle pr\u00e9vue le 12\u00a0octobre prochain.<\/p>\n","protected":false},"excerpt":{"rendered":"R\u00e9sum\u00e9 en 20 secondes En savoir plus sur ce type de contenu Ce r\u00e9sum\u00e9 peut avoir \u00e9t\u00e9 \u00e9crit&hellip;\n","protected":false},"author":2,"featured_media":456246,"comment_status":"","ping_status":"","sticky":false,"template":"","format":"standard","meta":{"footnotes":""},"categories":[1357],"tags":[1379,58,59,1011,27,300,1380,301,299],"class_list":{"0":"post-456245","1":"post","2":"type-post","3":"status-publish","4":"format-standard","5":"has-post-thumbnail","7":"category-livres","8":"tag-books","9":"tag-divertissement","10":"tag-entertainment","11":"tag-fr","12":"tag-france","13":"tag-le-magazine-du-temps","14":"tag-livres","15":"tag-premium","16":"tag-t"},"share_on_mastodon":{"url":"https:\/\/pubeurope.com\/@fr\/115358400151356407","error":""},"_links":{"self":[{"href":"https:\/\/www.europesays.com\/fr\/wp-json\/wp\/v2\/posts\/456245","targetHints":{"allow":["GET"]}}],"collection":[{"href":"https:\/\/www.europesays.com\/fr\/wp-json\/wp\/v2\/posts"}],"about":[{"href":"https:\/\/www.europesays.com\/fr\/wp-json\/wp\/v2\/types\/post"}],"author":[{"embeddable":true,"href":"https:\/\/www.europesays.com\/fr\/wp-json\/wp\/v2\/users\/2"}],"replies":[{"embeddable":true,"href":"https:\/\/www.europesays.com\/fr\/wp-json\/wp\/v2\/comments?post=456245"}],"version-history":[{"count":0,"href":"https:\/\/www.europesays.com\/fr\/wp-json\/wp\/v2\/posts\/456245\/revisions"}],"wp:featuredmedia":[{"embeddable":true,"href":"https:\/\/www.europesays.com\/fr\/wp-json\/wp\/v2\/media\/456246"}],"wp:attachment":[{"href":"https:\/\/www.europesays.com\/fr\/wp-json\/wp\/v2\/media?parent=456245"}],"wp:term":[{"taxonomy":"category","embeddable":true,"href":"https:\/\/www.europesays.com\/fr\/wp-json\/wp\/v2\/categories?post=456245"},{"taxonomy":"post_tag","embeddable":true,"href":"https:\/\/www.europesays.com\/fr\/wp-json\/wp\/v2\/tags?post=456245"}],"curies":[{"name":"wp","href":"https:\/\/api.w.org\/{rel}","templated":true}]}}