{"id":456247,"date":"2025-10-12T00:37:19","date_gmt":"2025-10-12T00:37:19","guid":{"rendered":"https:\/\/www.europesays.com\/fr\/456247\/"},"modified":"2025-10-12T00:37:19","modified_gmt":"2025-10-12T00:37:19","slug":"cette-theorie-des-fans-explique-t-elle-lultime-scene-de-lepisode-10-de-blood-of-my-blood","status":"publish","type":"post","link":"https:\/\/www.europesays.com\/fr\/456247\/","title":{"rendered":"Cette th\u00e9orie des fans explique-t-elle l\u2019ultime sc\u00e8ne de l\u2019\u00e9pisode 10 de Blood of my Blood ?"},"content":{"rendered":"<p>C\u2019est l\u2019heure des adieux pour Outlander : Blood of my Blood. Enfin, plut\u00f4t l\u2019heure des au-revoir. Ce samedi 11 octobre, HBO Max a d\u00e9voil\u00e9 l\u2019\u00e9pisode 10 de la saison 1, le dernier de cette premi\u00e8re salve. La suite est d\u00e9j\u00e0 assur\u00e9e puisque <a href=\"https:\/\/www.programme-tv.net\/news\/series-tv\/381788-outlander-excellente-nouvelle-pour-les-fans-avant-meme-la-sortie-de-blood-of-my-blood\/\" data-api-deeplink=\"teleloisirs:\/\/news\/381788\" rel=\"nofollow noopener\" target=\"_blank\">le spin-off d\u2019Outlander est renouvel\u00e9 pour une saison 2<\/a>, dont le tournage est en cours. Une suite n\u00e9cessaire, puisque ce nouvel in\u00e9dit se termine sur un cliffhanger concernant l\u2019un des deux couples phares de la s\u00e9rie. <b>Attention, la suite de cet article contient des spoilers. <\/b><\/p>\n<p>Outlander, Blood of my Blood : comment se termine la saison 1 de la s\u00e9rie ?<\/p>\n<p>Pour cet ultime \u00e9pisode XXL (il dure 1h25) de la saison 1 d\u2019Outlander : Blood of my Blood, il s\u2019en est pass\u00e9 des choses. Du c\u00f4t\u00e9 d\u2019Ellen (Harriet Slater) et Brian (Jamie Roy), tout est bien qui finit (presque) bien. Brian est venu au secours d\u2019Ellen pour l\u2019emp\u00eacher d\u2019\u00e9pouser Malcolm Grant. Les deux amoureux ont fui ensemble, mais Brian a poignard\u00e9 l\u2019ancien promis de celle qu\u2019il aime. Les deux personnages ont trouv\u00e9 refuge dans la for\u00eat, prot\u00e9g\u00e9s par Murtagh. \u00c0 la fin de l\u2019\u00e9pisode, Brian et Ellen d\u00e9couvraient des croix en feu \u00e0 travers l\u2019horizon, signe de ralliement des clans alors que la r\u00e9bellion jacobite est en marche.<\/p>\n<p>Et du c\u00f4t\u00e9 de Julia (Hermione Corfield) et Henry (Jeremy Irvine) ? Enfin r\u00e9unis, ils d\u00e9cidaient de fuir avec <a href=\"https:\/\/www.programme-tv.net\/news\/series-tv\/387091-outlander-des-cerveaux-vont-exploser-cette-revelation-tres-attendue-des-fans-du-spin-off-sannonce-folle\/\" data-api-deeplink=\"teleloisirs:\/\/news\/387091\" rel=\"nofollow noopener\" target=\"_blank\">leur fils, dont l\u2019identit\u00e9 torture toujours autant le cerveau des fans<\/a>. Ils arrivaient aux pierres, et d\u00e9couvraient alors qu\u2019Arch Bug (Terence Rae) \u00e9tait \u00e0 leurs trousses. Probl\u00e8me, le couple n&rsquo;\u00e9tait pas certain que le petit gar\u00e7on pouvait voyager \u00e0 travers les pierres. Julia proposait alors de r\u00e9aliser le voyage en deux fois et poussait Henry \u00e0 quitter le 18\u00e8me si\u00e8cle avec leur fils, avant qu\u2019elle ne les suive. Ce dernier finissait par lui confier le b\u00e9b\u00e9. \u00ab\u00a0Mon c\u0153ur et avec vous et Claire pour toujours\u00a0\u00bb, d\u00e9clarait-il avant de lui poser la main sur la pierre.<\/p>\n<p>Outlander, Blood of my Blood : quelle est la signification de l\u2019ultime sc\u00e8ne avec Claire ?<\/p>\n<p>L\u2019ultime sc\u00e8ne de la s\u00e9rie \u00e9tait un flash-back du d\u00e9part de Julia et Henry pour l\u2019\u00c9cosse. Sur le quai de la gare, <a href=\"https:\/\/www.programme-tv.net\/news\/series-tv\/386790-outlander-vous-lattendiez-tous-ce-personnage-de-la-serie-originale-fait-sa-premiere-apparition-dans-le-spin-off\/\" data-api-deeplink=\"teleloisirs:\/\/news\/386790\" rel=\"nofollow noopener\" target=\"_blank\">la petite Claire<\/a> accompagn\u00e9e de<a href=\"https:\/\/www.programme-tv.net\/news\/series-tv\/389262-outlander-pas-apparu-depuis-le-premier-episode-de-la-serie-ce-personnage-dont-on-a-beaucoup-entendu-parler-fait-son-retour\/\" data-api-deeplink=\"teleloisirs:\/\/news\/389262\" rel=\"nofollow noopener\" target=\"_blank\"> son oncle, que l\u2019on a pu revoir pour la premi\u00e8re fois depuis la saison 1 d&rsquo;Outlander,<\/a> disait au-revoir \u00e0 ses parents. Une fin plut\u00f4t surprenante, qui rend le cliffhanger pr\u00e9c\u00e9dent moins impactant. Mais, on peut s\u2019en douter, cette sc\u00e8ne n\u2019est pas l\u00e0 par hasard, et peut-\u00eatre fait-elle \u00e9cho \u00e0 <a href=\"https:\/\/www.programme-tv.net\/news\/series-tv\/348817-outlander-saison-8-netflix-casting-intrigues-toutes-les-infos-sur-la-nouvelle-saison\/\" data-api-deeplink=\"teleloisirs:\/\/news\/348817\" rel=\"nofollow noopener\" target=\"_blank\">la saison 8 d\u2019Outlander<\/a>.<\/p>\n<p>            Cette th\u00e9orie des fans pourrait bien expliquer la fin de la saison 1 d\u2019Outlander : Blood of my Blood<\/p>\n<p>Alors, que signifie r\u00e9ellement cette sc\u00e8ne ? Une th\u00e9orie des fans pourrait bien  fournir une explication. Sur un compte fan d\u00e9di\u00e9 \u00e0 la s\u00e9rie sur Facebook, une internaute a en effet livr\u00e9 depuis quelques semaines d\u00e9j\u00e0 une \u00e9tonnante th\u00e9orie li\u00e9e \u00e0 Claire (Caitriona Balfe). Selon elle, <b>toute l\u2019action de la s\u00e9rie <\/b><b>Outlander : Blood of my Blood <\/b><b>pourrait n\u2019\u00eatre qu\u2019un r\u00eave de l\u2019h\u00e9ro\u00efne<\/b>, suite au traumatisme du dernier \u00e9pisode de la saison 7. Dans le final de la derni\u00e8re salve d\u2019Outlander, <a href=\"https:\/\/www.programme-tv.net\/news\/series-tv\/369261-outlander-saison-7-episode-16-nos-theories-sur-cette-revelation-a-propos-de-faith-a-laquelle-on-ne-s-attendait-pas\/\" data-api-deeplink=\"teleloisirs:\/\/news\/369261\" rel=\"nofollow noopener\" target=\"_blank\">Claire a d\u00e9couvert que Faith, le b\u00e9b\u00e9 qu\u2019elle pensait morte \u00e0 la naissance, avait peut-\u00eatre surv\u00e9cu<\/a>. Pour cette fan, \u00ab\u00a0ce r\u00eave pourrait \u00eatre bas\u00e9 sur les histoires qu\u2019elle a entendues sur la famille de Jamie et sur ses fantasmes sur ses propres parents. Le fait qu\u2019elle a entendu Fanny chanter la chanson l\u2019a pouss\u00e9e \u00e0 penser \u00e0 sa m\u00e8re. (&#8230;) Rien n\u2019est arriv\u00e9 qui ne puisse pas \u00eatre de sa propre imagination\u00a0\u00bb, estime cette personne.<\/p>\n<p>                        Outlander, Blood of my Blood : et si ce n&rsquo;\u00e9tait qu&rsquo;un r\u00eave de Claire ?<\/p>\n<p>Si on suit cette logique, alors <a href=\"https:\/\/www.programme-tv.net\/news\/series-tv\/387391-outlander-qui-est-le-frere-de-claire-on-a-classe-les-theories-de-fans-de-la-plus-farfelue-a-la-plus-credible\/\" data-api-deeplink=\"teleloisirs:\/\/news\/387391\" rel=\"nofollow noopener\" target=\"_blank\">le petit fr\u00e8re de Claire dont tout le monde cherche l\u2019identit\u00e9<\/a> pourrait en fait n\u2019avoir aucune incidence sur la s\u00e9rie m\u00e8re. \u00ab\u00a0Je pense qu\u2019\u00e0 cause de cela, le destin de ses parents ou de son fr\u00e8re n\u2019a pas d\u2019importance. Ce n\u2019est que son imagination\u00a0\u00bb, explique cette internaute, qui ajoute : \u00ab\u00a0C\u2019est pour cela que Diana Gabaldon n\u2019a pas dit non, cela ne change rien \u00e0 l\u2019histoire d\u2019Outlander.\u00a0\u00bb<\/p>\n<p>Outlander, Blood of my Blood : la saison 2 arrive prochainement<\/p>\n<p>Une th\u00e9orie surprenante, \u00e0 laquelle on a quand m\u00eame un peu de mal \u00e0 croire. Si elle \u00e9tait av\u00e9r\u00e9e, cela serait tout de m\u00eame une immense surprise qui pourrait d\u00e9contenancer totalement les fans. En attendant d\u2019en avoir le c\u0153ur net, on a d\u00e9j\u00e0 h\u00e2te de voir la saison 2 d\u2019Outlander : Blood of my Blood. En attendant, les fans pourront retrouver <a href=\"https:\/\/www.programme-tv.net\/biographie\/156106-heughan-sam\/\" data-link-people=\"10c94148-b2c8-4d70-be7a-4aca12470777\" rel=\"nofollow noopener\" target=\"_blank\">Sam Heughan<\/a> et <a href=\"https:\/\/www.programme-tv.net\/biographie\/222079-balfe-caitriona\/\" data-link-people=\"aacd2e49-c6fb-4dda-bc6d-fb5af54cccbd\" rel=\"nofollow noopener\" target=\"_blank\">Caitriona Balfe<\/a> dans l\u2019ultime saison d\u2019Outlander, pr\u00e9vue pour le d\u00e9but de l\u2019ann\u00e9e 2026 sur Netflix.<\/p>\n","protected":false},"excerpt":{"rendered":"C\u2019est l\u2019heure des adieux pour Outlander : Blood of my Blood. Enfin, plut\u00f4t l\u2019heure des au-revoir. Ce samedi&hellip;\n","protected":false},"author":2,"featured_media":456248,"comment_status":"","ping_status":"","sticky":false,"template":"","format":"standard","meta":{"footnotes":""},"categories":[1356],"tags":[244,58,59,1011,27,43424,5371,44932,43423,44933,37068,10395,129,252,1364],"class_list":{"0":"post-456247","1":"post","2":"type-post","3":"status-publish","4":"format-standard","5":"has-post-thumbnail","7":"category-television","8":"tag-commentaire","9":"tag-divertissement","10":"tag-entertainment","11":"tag-fr","12":"tag-france","13":"tag-harriet-slater","14":"tag-hbo-max","15":"tag-hermione-corfield","16":"tag-jamie-roy","17":"tag-jeremy-irvine","18":"tag-outlander-blood-of-my-blood","19":"tag-pub-streaming","20":"tag-svod","21":"tag-television","22":"tag-tv"},"share_on_mastodon":{"url":"https:\/\/pubeurope.com\/@fr\/115358403378458121","error":""},"_links":{"self":[{"href":"https:\/\/www.europesays.com\/fr\/wp-json\/wp\/v2\/posts\/456247","targetHints":{"allow":["GET"]}}],"collection":[{"href":"https:\/\/www.europesays.com\/fr\/wp-json\/wp\/v2\/posts"}],"about":[{"href":"https:\/\/www.europesays.com\/fr\/wp-json\/wp\/v2\/types\/post"}],"author":[{"embeddable":true,"href":"https:\/\/www.europesays.com\/fr\/wp-json\/wp\/v2\/users\/2"}],"replies":[{"embeddable":true,"href":"https:\/\/www.europesays.com\/fr\/wp-json\/wp\/v2\/comments?post=456247"}],"version-history":[{"count":0,"href":"https:\/\/www.europesays.com\/fr\/wp-json\/wp\/v2\/posts\/456247\/revisions"}],"wp:featuredmedia":[{"embeddable":true,"href":"https:\/\/www.europesays.com\/fr\/wp-json\/wp\/v2\/media\/456248"}],"wp:attachment":[{"href":"https:\/\/www.europesays.com\/fr\/wp-json\/wp\/v2\/media?parent=456247"}],"wp:term":[{"taxonomy":"category","embeddable":true,"href":"https:\/\/www.europesays.com\/fr\/wp-json\/wp\/v2\/categories?post=456247"},{"taxonomy":"post_tag","embeddable":true,"href":"https:\/\/www.europesays.com\/fr\/wp-json\/wp\/v2\/tags?post=456247"}],"curies":[{"name":"wp","href":"https:\/\/api.w.org\/{rel}","templated":true}]}}