{"id":456251,"date":"2025-10-12T00:39:17","date_gmt":"2025-10-12T00:39:17","guid":{"rendered":"https:\/\/www.europesays.com\/fr\/456251\/"},"modified":"2025-10-12T00:39:17","modified_gmt":"2025-10-12T00:39:17","slug":"univers-legendes-re-etendu-le-regne-du-despote-par-gregory-o-scott-actualites-fan-fictions-star-wars-universe","status":"publish","type":"post","link":"https:\/\/www.europesays.com\/fr\/456251\/","title":{"rendered":"[Univers L\u00e9gendes Re-\u00c9tendu] Le R\u00e8gne du Despote, par Gregory O. Scott \u2022 Actualit\u00e9s Fan-Fictions \u2022 Star Wars Universe"},"content":{"rendered":"<p>Et si l&rsquo;Univers L\u00e9gendes continuait \u00e0 vivre \u00e0 travers les r\u00e9cits des fans ?<\/p>\n<p>C&rsquo;est le pari fait par un groupe d&rsquo;auteurs de fan-fictions anglophones qui se sont f\u00e9d\u00e9r\u00e9s au sein d&rsquo;un projet de grande ampleur, le Re-Expanded Universe &#8211; ou <b>Univers L\u00e9gendes Re-\u00c9tendu<\/b> dans notre langue. Gr\u00e2ce au travail r\u00e9alis\u00e9 par Chertref et plusieurs autres passionn\u00e9s francophones, ces r\u00e9cits arrivent maintenant en version fran\u00e7aise et sont disponibles au t\u00e9l\u00e9chargement sur SWU.<\/p>\n<p>Pour en savoir plus sur cette initiative non-officielle et d\u00e9couvrir l&rsquo;int\u00e9gralit\u00e9 des r\u00e9cits propos\u00e9s, rendez-vous sur le dossier d\u00e9di\u00e9 en cliquant sur le picto ci-dessous.<\/p>\n<p><a title=\"L&#039;Univers L\u00e9gendes Re-\u00c9tendu\" href=\"https:\/\/www.starwars-universe.com\/dossier-291-l-univers-legendes-re-etendu.html\" target=\"_blank\" rel=\"noopener\"><img loading=\"lazy\" decoding=\"async\" style=\"display: block; margin-left: auto; margin-right: auto;\" src=\"https:\/\/www.europesays.com\/fr\/wp-content\/uploads\/2025\/10\/ffics_reexpanded.png\" alt=\"L'Univers L\u00e9gendes Re-\u00c9tendu\" width=\"500\" height=\"165\"\/><\/a><\/p>\n<p>L&rsquo;histoire mise en ligne aujourd&rsquo;hui a \u00e9t\u00e9 \u00e9crite par Gregory O. Scott, alias HandofThrawn45, l&rsquo;un des initiateurs de l&rsquo;Univers Re-\u00c9tendu. Le R\u00e8gne du Despote est le premier tome d&rsquo;une trilogie se d\u00e9roulant \u00e0 l&rsquo;\u00e9poque des conqu\u00eates de Xim, avant m\u00eame que la <a href=\"https:\/\/www.starwars-universe.com\/organisation-32-republique-galactique.html\" class=\"qtip_motcle\" tt_type=\"organisation\" tt_id=\"32\" tabindex=\"0\" target=\"_blank\" rel=\"noopener\">R\u00e9publique Galactique<\/a> ne naisse.<\/p>\n<ul>&#13;<\/p>\n<li>&#13;<br \/>\n<a title=\"Le R\u00e8gne du Despote\" href=\"https:\/\/www.starwars-universe.com\/fanfiction-107-le-regne-du-despote.html\" target=\"_blank\" rel=\"noopener\"><img loading=\"lazy\" decoding=\"async\" src=\"https:\/\/www.europesays.com\/fr\/wp-content\/uploads\/2025\/10\/despote_1.webp.webp\" alt=\"Le R\u00e8gne du Despote\" width=\"430\" height=\"610\"\/><\/a>&#13;<br \/>\n&#13;<\/p>\n<p>Cliquez sur la couverture pour acc\u00e9der \u00e0 la fiche du livre.<\/p>\n<p>&#13;<br \/>\n&#13;<br \/>\n&#13;\n<\/li>\n<p>&#13;\n<\/ul>\n<p style=\"text-align: center;\">Avant l&rsquo;Empire, avant les Sith, avant m\u00eame la R\u00e9publique&#8230;\u00a0<br \/>Il y avait <a href=\"https:\/\/www.starwars-universe.com\/personnage-2029-xim-le-despote.html\" class=\"qtip_motcle\" tt_type=\"personnage\" tt_id=\"2029\" tabindex=\"0\" target=\"_blank\" rel=\"noopener\">Xim le Despote<\/a>.\u00a0<\/p>\n<p style=\"text-align: center;\">Des mill\u00e9naires avant l&rsquo;\u00e9poque des Skywalker, les conqu\u00eates brutales de Xim consument monde apr\u00e8s monde. En ces temps p\u00e9rilleux, une famille d&rsquo;astropilotes ind\u00e9pendants fait une d\u00e9couverte dangereuse, un clan de r\u00e9fugi\u00e9s non-humains est chass\u00e9 de son foyer, et un trio d&rsquo;explorateurs Jedi arrive d&rsquo;un endroit lointain de la galaxie. Bient\u00f4t, leurs destins se croisent tandis qu&rsquo;ils se trouvent sous la menace des impitoyables forces de Xim&#8230;<\/p>\n<p>\u00a0<\/p>\n<p>La critique sans spoiler de Jagen Eripsa<\/p>\n<p>Gregory O. Scott nous offre une plong\u00e9e passionnante dans une \u00e8re encore peu explor\u00e9e de l&rsquo;histoire de la galaxie Star Wars. L&rsquo;intrigue prend place plusieurs si\u00e8cles apr\u00e8s les comics de La Gen\u00e8se des Jedi : l&rsquo;Empire Infini s&rsquo;est effondr\u00e9 mais la R\u00e9publique Galactique n&rsquo;est pas encore n\u00e9e. C&rsquo;est une \u00e8re de chaos et d&rsquo;anarchie&#8230; Riche en opportunit\u00e9s pour les ambitieux, mais dangereuse pour tous, ainsi que vont l&rsquo;exp\u00e9rimenter les diff\u00e9rents personnages crois\u00e9s au fil du r\u00e9cit.<\/p>\n<p>C&rsquo;est aussi une \u00e9poque o\u00f9 les technologies que nous identifions \u00e0 l&rsquo;univers de la saga sont au mieux balbutiantes, et cela se ressent dans ce r\u00e9cit o\u00f9 plane une ambiance d&rsquo;\u00c2ge sombre. Les connaisseurs avis\u00e9s de l&rsquo;Univers L\u00e9gendes sauront d\u00e9nicher ici et l\u00e0 des r\u00e9f\u00e9rences renvoyant tant aux \u0153uvres de Brian Daley qu&rsquo;aux comics d&rsquo;Ostrander et Duursema. Mais nul besoin d&rsquo;avoir tout lu pour appr\u00e9cier une histoire efficace, avec des personnages bien d\u00e9velopp\u00e9s et coh\u00e9rents, quelques rebondissements bien amen\u00e9s et une conclusion prometteuse.<\/p>\n<p>Vous l&rsquo;appr\u00e9cierez si :<\/p>\n<ul>&#13;<\/p>\n<li>La d\u00e9couverte des anciennes civilisations de la galaxie Star Wars vous fascine ;<\/li>\n<p>&#13;<\/p>\n<li>Vous aimez les r\u00e9cits d&rsquo;exploration spatiale tels que ceux qui donnent naissance \u00e0 La L\u00e9gende des Jedi ;<\/li>\n<p>&#13;<\/p>\n<li>Vous souhaitez en savoir plus sur les origines de l&rsquo;Ordre Jedi ;<\/li>\n<p>&#13;<\/p>\n<li>Les conqu\u00eates de Xim vous intriguent !\u00a0<\/li>\n<p>&#13;\n<\/ul>\n<p>\u00a0<\/p>\n<p>Un grand merci \u00e0 Chertref et Rikuiame pour la traduction de ce r\u00e9cit en fran\u00e7ais. Et si vous voulez vous aussi participer \u00e0 cette aventure, n&rsquo;h\u00e9sitez pas \u00e0 contacter Chertref ou \u00e0 vous adresser au staff !<\/p>\n<p>Bonne lecture, et que l&rsquo;Inspiration soit avec vous !<\/p>\n","protected":false},"excerpt":{"rendered":"Et si l&rsquo;Univers L\u00e9gendes continuait \u00e0 vivre \u00e0 travers les r\u00e9cits des fans ? C&rsquo;est le pari fait&hellip;\n","protected":false},"author":2,"featured_media":453587,"comment_status":"","ping_status":"","sticky":false,"template":"","format":"standard","meta":{"footnotes":""},"categories":[1354],"tags":[58144,1573,1519,1548,11,1557,1505,1501,1571,1545,1525,1497,1488,1523,1543,58147,1524,1510,1511,58,1555,1574,1495,1496,1494,59,1564,1565,1566,1567,1568,1569,1558,1559,1560,1561,1562,1563,58146,1500,1346,1547,1011,27,1538,1492,1487,1549,1544,1526,1532,1553,1520,1552,1508,1577,1576,1499,1503,1529,1493,1537,1531,1535,1533,1530,1541,1540,1534,1502,1517,1551,1512,1360,1522,1550,1507,1504,1515,58145,1518,1509,1556,1575,1572,1539,1528,1004,521,1554,1506,1536,974,1480,1542,1481,1484,1486,1485,1521,1489,1490,1498,1570,1491,1483,1514,1513,1482,1546,1527,1516],"class_list":{"0":"post-456251","1":"post","2":"type-post","3":"status-publish","4":"format-standard","5":"has-post-thumbnail","7":"category-films","8":"tag-univers-lgendes-re-tendu-le-rgne-du-despote","9":"tag-a-new-hope","10":"tag-ackbar","11":"tag-activision","12":"tag-actualites","13":"tag-alliance","14":"tag-amidala","15":"tag-anakin","16":"tag-attack-of-the-clones","17":"tag-attakus","18":"tag-bespin","19":"tag-chronologie","20":"tag-clone-wars","21":"tag-coruscant","22":"tag-courleciel","23":"tag-creations-de-fans","24":"tag-dagobah","25":"tag-dark","26":"tag-darth","27":"tag-divertissement","28":"tag-empire","29":"tag-empire-strikes-back","30":"tag-encyclopaedia","31":"tag-encyclopedia","32":"tag-encyclopedie","33":"tag-entertainment","34":"tag-episode-1","35":"tag-episode-2","36":"tag-episode-3","37":"tag-episode-4","38":"tag-episode-5","39":"tag-episode-6","40":"tag-episode-i","41":"tag-episode-ii","42":"tag-episode-iii","43":"tag-episode-iv","44":"tag-episode-v","45":"tag-episode-vi","46":"tag-fan-fictions","47":"tag-fate-of-the-jedi","48":"tag-films","49":"tag-fleuve-noir","50":"tag-fr","51":"tag-france","52":"tag-george","53":"tag-guerre-des-clones","54":"tag-guerre-des-etoiles","55":"tag-harisson-ford","56":"tag-hasbro","57":"tag-hoth","58":"tag-ilm","59":"tag-jedi","60":"tag-kamino","61":"tag-kenny-baker","62":"tag-kenobi","63":"tag-l","64":"tag-la-menace-fantome","65":"tag-legacy-of-the-force","66":"tag-leia","67":"tag-lightsaber","68":"tag-live-serie","69":"tag-lucas","70":"tag-lucasarts","71":"tag-lucasbooks","72":"tag-lucasdigital","73":"tag-lucasfilm","74":"tag-lucasfilm-magazine","75":"tag-lucasmag","76":"tag-lucasonline","77":"tag-luke","78":"tag-mace-windu","79":"tag-mark-hamill","80":"tag-maul","81":"tag-movies","82":"tag-naboo","83":"tag-natalie-portman","84":"tag-obi-wan","85":"tag-padme","86":"tag-palpatine","87":"tag-par-gregory-o-scott","88":"tag-piett","89":"tag-qui-gon-jinn","90":"tag-rebellion","91":"tag-return-of-the-jedi","92":"tag-revenge-of-the-sith","93":"tag-rick-mc-callum","94":"tag-sabre-laser","95":"tag-senat","96":"tag-serie","97":"tag-sith","98":"tag-skywalker","99":"tag-skywalker-ranch","100":"tag-star","101":"tag-star-wars","102":"tag-star-wars-magazine","103":"tag-starwars","104":"tag-starwars-universe","105":"tag-swoo","106":"tag-swu","107":"tag-tatooine","108":"tag-the-clone-wars","109":"tag-the-force-unleashed","110":"tag-the-old-republic","111":"tag-the-phantom-menace","112":"tag-univers-etendu","113":"tag-universe","114":"tag-vader","115":"tag-vador","116":"tag-wars","117":"tag-wizard","118":"tag-yavin","119":"tag-yoda"},"share_on_mastodon":{"url":"","error":"Validation failed: Text character limit of 500 exceeded"},"_links":{"self":[{"href":"https:\/\/www.europesays.com\/fr\/wp-json\/wp\/v2\/posts\/456251","targetHints":{"allow":["GET"]}}],"collection":[{"href":"https:\/\/www.europesays.com\/fr\/wp-json\/wp\/v2\/posts"}],"about":[{"href":"https:\/\/www.europesays.com\/fr\/wp-json\/wp\/v2\/types\/post"}],"author":[{"embeddable":true,"href":"https:\/\/www.europesays.com\/fr\/wp-json\/wp\/v2\/users\/2"}],"replies":[{"embeddable":true,"href":"https:\/\/www.europesays.com\/fr\/wp-json\/wp\/v2\/comments?post=456251"}],"version-history":[{"count":0,"href":"https:\/\/www.europesays.com\/fr\/wp-json\/wp\/v2\/posts\/456251\/revisions"}],"wp:featuredmedia":[{"embeddable":true,"href":"https:\/\/www.europesays.com\/fr\/wp-json\/wp\/v2\/media\/453587"}],"wp:attachment":[{"href":"https:\/\/www.europesays.com\/fr\/wp-json\/wp\/v2\/media?parent=456251"}],"wp:term":[{"taxonomy":"category","embeddable":true,"href":"https:\/\/www.europesays.com\/fr\/wp-json\/wp\/v2\/categories?post=456251"},{"taxonomy":"post_tag","embeddable":true,"href":"https:\/\/www.europesays.com\/fr\/wp-json\/wp\/v2\/tags?post=456251"}],"curies":[{"name":"wp","href":"https:\/\/api.w.org\/{rel}","templated":true}]}}