{"id":456256,"date":"2025-10-12T00:42:14","date_gmt":"2025-10-12T00:42:14","guid":{"rendered":"https:\/\/www.europesays.com\/fr\/456256\/"},"modified":"2025-10-12T00:42:14","modified_gmt":"2025-10-12T00:42:14","slug":"des-plumes-et-des-paillettes-a-londres-george-clooney-eclipse-par-sa-femme-amal-sur-le-tapis-rouge","status":"publish","type":"post","link":"https:\/\/www.europesays.com\/fr\/456256\/","title":{"rendered":"Des plumes et des paillettes \u00e0 Londres : George Clooney \u00e9clips\u00e9 par sa femme Amal sur le tapis rouge"},"content":{"rendered":"<p>            <img loading=\"lazy\" decoding=\"async\" src=\"https:\/\/www.europesays.com\/fr\/wp-content\/uploads\/2025\/04\/145-6602e1ce8ddc4-35x35-1.jpg\" class=\"author-article-picture\" width=\"35\" height=\"35\"\/><\/p>\n<p>                Par<br \/>\n                                    <a class=\"author-article-bio-link\" href=\"https:\/\/www.purepeople.com\/auteur\/lucie-gosselin_a145\" rel=\"nofollow noopener\" target=\"_blank\">Lucie Gosselin<\/a><br \/>\n                                                    | R\u00e9dactrice<\/p>\n<p>\n                Journaliste passionn\u00e9e, depuis plus de 10 ans, je r\u00e9alise des enqu\u00eates, des portraits, des reportages ou des interviews.\n            <\/p>\n<p>\n    \u00c0 la premi\u00e8re londonienne du film \u00ab\u00a0Jay Kelly\u00a0\u00bb, Amal Clooney a une nouvelle fois prouv\u00e9 que l\u2019\u00e9l\u00e9gance pouvait rimer avec engagement. Dans une robe rose scintillante, l\u2019avocate des droits de l\u2019Homme a litt\u00e9ralement vol\u00e9 la vedette \u00e0 son mari, George Clooney, venu pr\u00e9senter son nouveau long-m\u00e9trage aux c\u00f4t\u00e9s d\u2019Adam Sandler et Greta Gerwig.\n<\/p>\n<p>                            <img loading=\"lazy\" decoding=\"async\" class=\"player-thumbnail\" src=\"https:\/\/www.europesays.com\/fr\/wp-content\/uploads\/2025\/10\/8b161f1daf2e2c93-580x326-2.jpg\" width=\"580\" height=\"326\"\/><\/p>\n<p>                    Des plumes et des paillettes \u00e0 Londres : George Clooney \u00e9clips\u00e9 par sa femme Amal sur le tapis rouge<\/p>\n<p>La suite apr\u00e8s la publicit\u00e9<\/p>\n<p>Vendredi 10 octobre 2025, le Royal Festival Hall de Londres s\u2019est transform\u00e9 en <strong>v\u00e9ritable podium glamour<\/strong>. <a href=\"https:\/\/www.purepeople.com\/people\/george-clooney_p105\" rel=\"nofollow noopener\" target=\"_blank\">George<\/a> et <a href=\"https:\/\/www.purepeople.com\/people\/amal-clooney_p542477\" rel=\"nofollow noopener\" target=\"_blank\">Amal Clooney<\/a>, <a href=\"https:\/\/www.purepeople.com\/article\/george-clooney-ses-jumeaux-de-7-ans-ont-herite-dun-rituel-de-noel-tres-particulier-de-leur-maman-amal_a532557\/1\" rel=\"nofollow noopener\" target=\"_blank\">mari\u00e9s depuis onze ans<\/a>, ont foul\u00e9 le tapis rouge du 69e BFI London Film Festival pour la premi\u00e8re du film Jay Kelly, r\u00e9alis\u00e9 par Noah Baumbach. Si l\u2019acteur de 64 ans avait mis\u00e9 sur un smoking bleu marine impeccable, c\u2019est bien <a href=\"https:\/\/www.purepeople.com\/article\/amal-clooney-somptueuse-dans-une-magnifique-robe-drapee-au-bras-de-georges-clooney-a-londres_a543242\/1\" rel=\"nofollow noopener\" target=\"_blank\">sa femme qui a attir\u00e9 tous les regards<\/a>.<\/p>\n<p>Amal Clooney, star d\u2019un soir au BFI London Film Festival<\/p>\n<p>Amal Clooney, 47 ans, a fait sensation dans une robe bustier rose p\u00e2le recouverte de sequins, sign\u00e9e Tamara Ralph, accompagn\u00e9e d\u2019un boa assorti tombant d\u00e9licatement sur ses \u00e9paules. Les plumes de sa tenue ajoutaient une touche de fantaisie \u00e0 cette silhouette sophistiqu\u00e9e et r\u00e9solument <strong>hollywoodienne<\/strong>.\u00a0<\/p>\n<p>Le couple,<a href=\"https:\/\/www.purepeople.com\/article\/amal-clooney-fait-sensation-au-bras-de-george-lors-du-festival-de-new-york-grace-a-une-robe-pour-le-moins-originale_a543076\/1\" rel=\"nofollow noopener\" target=\"_blank\"> parents de jumeaux \u00e2g\u00e9s de huit ans<\/a>, <strong>Ella et Alexander<\/strong>, affichait une complicit\u00e9 rare. Entre rires, regards \u00e9chang\u00e9s et gestes tendres, George et Amal Clooney incarnaient ce m\u00e9lange parfait entre glamour et sinc\u00e9rit\u00e9 qui fascine le public depuis plus d\u2019une d\u00e9cennie.<\/p>\n<p>George Clooney, entre autod\u00e9rision et renaissance \u00e0 l\u2019\u00e9cran<\/p>\n<p>S\u2019il a \u00e9t\u00e9 un peu \u00e9clips\u00e9 par la gr\u00e2ce de son \u00e9pouse, George Clooney n\u2019en restait pas moins la star du soir. L\u2019acteur oscaris\u00e9 pr\u00e9sentait <strong>Jay Kelly<\/strong>, une com\u00e9die dramatique produite par Netflix, dans laquelle il campe une star de cin\u00e9ma vieillissante en pleine crise existentielle. <a href=\"https:\/\/www.purepeople.com\/people\/adam-sandler_p1172\" rel=\"nofollow noopener\" target=\"_blank\">Adam Sandler<\/a>, son partenaire de jeu et ami de longue date, interpr\u00e8te son agent. Le casting r\u00e9unit \u00e9galement Laura Dern, Jim Broadbent, Riley Keough, Billy Crudup et Greta Gerwig, qui fait une apparition remarqu\u00e9e.<\/p>\n<p>Le film, \u00e9crit par Noah Baumbach et Emily Mortimer, raconte l\u2019histoire de deux amis d\u2019\u00e2ge m\u00fbr confront\u00e9s \u00e0 leurs propres contradictions lors d\u2019un week-end chaotique. Un r\u00f4le que l&rsquo;acteur am\u00e9ricain<strong> a accept\u00e9 sans h\u00e9siter<\/strong>. \u00ab\u00a0\u00c0 mon \u00e2ge, quand on tombe sur un r\u00f4le comme \u00e7a, \u00e7a ne se refuse pas\u00a0\u00bb, a-t-il confi\u00e9 \u00e0 Vanity Fair. Avant d\u2019ajouter, avec humour : \u00ab\u00a0Si tu n\u2019arrives pas \u00e0 faire la paix avec le vieillissement, tu dois quitter ce m\u00e9tier et t\u2019effacer. Aujourd\u2019hui, quand je cours apr\u00e8s un m\u00e9chant, c\u2019est dr\u00f4le. Pas haletant. Et \u00e7a me va tr\u00e8s bien. J\u2019assume.\u00a0\u00bb<\/p>\n<p>Interrog\u00e9 par Variety sur le fait qu\u2019il \u00ab\u00a0<strong>joue toujours son propre r\u00f4le<\/strong>\u00ab\u00a0, George Clooney a r\u00e9pondu sans d\u00e9tour : \u00ab\u00a0Les gens disent que je ne joue que mon propre r\u00f4le ? Je m\u2019en fous compl\u00e8tement. (\u2026) Avez-vous d\u00e9j\u00e0 essay\u00e9 de jouer votre propre r\u00f4le ? C\u2019est difficile \u00e0 faire.\u00a0\u00bb Des propos teint\u00e9s d\u2019autod\u00e9rision qui rappellent le ton du film, pr\u00e9vu pour une sortie limit\u00e9e en salles le 14 novembre 2025, avant d\u2019\u00eatre disponible sur Netflix le 5 d\u00e9cembre.<\/p>\n<p>Un couple glamour, entre engagement et \u00e9clat<\/p>\n<p>Amal Clooney n\u2019est pas seulement une ic\u00f4ne de style. Avocate internationale, cette derni\u00e8re a d\u00e9fendu des figures majeures comme Julian Assange ou l\u2019ancien pr\u00e9sident des Maldives Mohamed Nasheed. Professeure \u00e0 la Columbia Law School et \u00e0 Oxford, elle incarne <strong>une r\u00e9ussite f\u00e9minine inspirante <\/strong>et un contrepoint \u00e9l\u00e9gant \u00e0 l\u2019image hollywoodienne de son mari.<\/p>\n<p>Sur le tapis rouge, entre plumes et paillettes, les Clooney ont une fois de plus prouv\u00e9 qu\u2019ils formaient<strong> un duo unique<\/strong>, o\u00f9 le glamour se conjugue \u00e0 la profondeur. Si George Clooney brille sur grand \u00e9cran, Amal, elle, continue d\u2019illuminer le monde par sa gr\u00e2ce et son engagement.<\/p>\n","protected":false},"excerpt":{"rendered":"Par Lucie Gosselin | R\u00e9dactrice Journaliste passionn\u00e9e, depuis plus de 10 ans, je r\u00e9alise des enqu\u00eates, des portraits,&hellip;\n","protected":false},"author":2,"featured_media":456257,"comment_status":"","ping_status":"","sticky":false,"template":"","format":"standard","meta":{"footnotes":""},"categories":[8],"tags":[58,59,1011,27],"class_list":{"0":"post-456256","1":"post","2":"type-post","3":"status-publish","4":"format-standard","5":"has-post-thumbnail","7":"category-divertissement","8":"tag-divertissement","9":"tag-entertainment","10":"tag-fr","11":"tag-france"},"share_on_mastodon":{"url":"https:\/\/pubeurope.com\/@fr\/115358423387488498","error":""},"_links":{"self":[{"href":"https:\/\/www.europesays.com\/fr\/wp-json\/wp\/v2\/posts\/456256","targetHints":{"allow":["GET"]}}],"collection":[{"href":"https:\/\/www.europesays.com\/fr\/wp-json\/wp\/v2\/posts"}],"about":[{"href":"https:\/\/www.europesays.com\/fr\/wp-json\/wp\/v2\/types\/post"}],"author":[{"embeddable":true,"href":"https:\/\/www.europesays.com\/fr\/wp-json\/wp\/v2\/users\/2"}],"replies":[{"embeddable":true,"href":"https:\/\/www.europesays.com\/fr\/wp-json\/wp\/v2\/comments?post=456256"}],"version-history":[{"count":0,"href":"https:\/\/www.europesays.com\/fr\/wp-json\/wp\/v2\/posts\/456256\/revisions"}],"wp:featuredmedia":[{"embeddable":true,"href":"https:\/\/www.europesays.com\/fr\/wp-json\/wp\/v2\/media\/456257"}],"wp:attachment":[{"href":"https:\/\/www.europesays.com\/fr\/wp-json\/wp\/v2\/media?parent=456256"}],"wp:term":[{"taxonomy":"category","embeddable":true,"href":"https:\/\/www.europesays.com\/fr\/wp-json\/wp\/v2\/categories?post=456256"},{"taxonomy":"post_tag","embeddable":true,"href":"https:\/\/www.europesays.com\/fr\/wp-json\/wp\/v2\/tags?post=456256"}],"curies":[{"name":"wp","href":"https:\/\/api.w.org\/{rel}","templated":true}]}}