{"id":456264,"date":"2025-10-12T00:46:10","date_gmt":"2025-10-12T00:46:10","guid":{"rendered":"https:\/\/www.europesays.com\/fr\/456264\/"},"modified":"2025-10-12T00:46:10","modified_gmt":"2025-10-12T00:46:10","slug":"un-homme-sechappe-de-lhopital-psychiatrique-de-caen-il-est-activement-recherche","status":"publish","type":"post","link":"https:\/\/www.europesays.com\/fr\/456264\/","title":{"rendered":"Un homme s\u2019\u00e9chappe de l\u2019h\u00f4pital psychiatrique de Caen, il est activement recherch\u00e9"},"content":{"rendered":"<p>            Par<br \/>\n        <strong><br \/>\n            <a href=\"https:\/\/actu.fr\/auteur\/margaux-rousset\" title=\"Consulter tous les articles de Margaux Rousset\" target=\"_blank\" rel=\"noopener\">Margaux Rousset<\/a><br \/>\n        <\/strong><\/p>\n<p>        Publi\u00e9 le<\/p>\n<p>            11 oct. 2025 \u00e0 19h17        <\/p>\n<p>Jeudi 9\u00a0octobre 2025, un homme s\u2019est \u00e9chapp\u00e9 de <b>l\u2019h\u00f4pital psychiatrique (EPSM) de Caen<\/b> (Calvados), comme le r\u00e9v\u00e8lent nos confr\u00e8res de <a href=\"https:\/\/www.francebleu.fr\/infos\/faits-divers-justice\/info-ici-normandie-a-caen-un-detenu-s-echappe-de-l-hopital-psychiatrique-un-mandat-de-recherche-delivre-6678422?fbclid=IwY2xjawNXasFleHRuA2FlbQIxMABicmlkETE2UEk5YVFWTWR0VG50TU9pAR4_7TrJRa7X9sh1-kjh03CKRUp0kZ8aNifOpz3FT1i1qL1itfio-nhp3vrgfw_aem_4mnLfSUS12dYG1RzwJxcDA\" target=\"_blank\" rel=\"noopener\">Ici Normandie<\/a>.<\/p>\n<p>Il purge une peine \u00e0 la prison de Caen<\/p>\n<p class=\" wall-content\">Le procureur de Caen, Jo\u00ebl Garrigue, confirme les faits \u00e0 Libert\u00e9 ce samedi 11\u00a0octobre. L\u2019individu de 23\u00a0ans, qui purge une peine de prison au <b>centre p\u00e9nitentiaire de Caen <\/b>pour <b>vol et viol<\/b>, \u00e9tait hospitalis\u00e9 au sein de l\u2019\u00c9tablissement public de sant\u00e9 mentale. La police de Caen est en charge de l\u2019enqu\u00eate.<\/p>\n<p>\u00ab\u2009Il a pu d\u00e9rober une arme\u2009\u00bb<\/p>\n<p class=\" wall-content\">\u00c2g\u00e9 de 23\u00a0ans, \u00ab\u2009il <b>a pu d\u00e9rober une arme<\/b> lors de sa fuite dans un v\u00e9hicule stationn\u00e9 \u00e0 proximit\u00e9\u2009\u00bb, indique le procureur \u00e0 Ici Normandie. Le propri\u00e9taire de l\u2019arme \u00ab\u2009un pistolet d\u2019alarme qui peut tirer des cartouches\u2009\u00bb a d\u00e9clar\u00e9 le vol. Le procureur explique \u00e0 nos confr\u00e8res qu\u2019il n\u2019y a pas de certitude que le d\u00e9tenu ait vol\u00e9 l\u2019arme mais un \u00e9l\u00e9ment sur place permet de le penser.<\/p>\n<p class=\" wall-content\">Personnalisez votre actualit\u00e9 en ajoutant vos villes et m\u00e9dias en favori avec <a href=\"https:\/\/moncompte.actu.fr\" title=\"D\u00e9couvez Mon Actu\" rel=\"nofollow noopener\" data-trk=\"{&quot;cta&quot;:{&quot;action&quot;:&quot;https:\\\/\\\/moncompte.actu.fr&quot;,&quot;category&quot;:&quot;mon compte&quot;,&quot;from&quot;:&quot;article footer&quot;,&quot;name&quot;:&quot;Mon actu&quot;,&quot;type&quot;:&quot;cta&quot;}}\" target=\"_blank\">Mon Actu<\/a>.<\/p>\n","protected":false},"excerpt":{"rendered":"Par Margaux Rousset Publi\u00e9 le 11 oct. 2025 \u00e0 19h17 Jeudi 9\u00a0octobre 2025, un homme s\u2019est \u00e9chapp\u00e9 de&hellip;\n","protected":false},"author":2,"featured_media":456265,"comment_status":"","ping_status":"","sticky":false,"template":"","format":"standard","meta":{"footnotes":""},"categories":[4],"tags":[11,5492,118,1011,27,12,25],"class_list":{"0":"post-456264","1":"post","2":"type-post","3":"status-publish","4":"format-standard","5":"has-post-thumbnail","7":"category-france","8":"tag-actualites","9":"tag-caen","10":"tag-faits-divers","11":"tag-fr","12":"tag-france","13":"tag-news","14":"tag-republique-francaise"},"share_on_mastodon":{"url":"https:\/\/pubeurope.com\/@fr\/115358438950764213","error":""},"_links":{"self":[{"href":"https:\/\/www.europesays.com\/fr\/wp-json\/wp\/v2\/posts\/456264","targetHints":{"allow":["GET"]}}],"collection":[{"href":"https:\/\/www.europesays.com\/fr\/wp-json\/wp\/v2\/posts"}],"about":[{"href":"https:\/\/www.europesays.com\/fr\/wp-json\/wp\/v2\/types\/post"}],"author":[{"embeddable":true,"href":"https:\/\/www.europesays.com\/fr\/wp-json\/wp\/v2\/users\/2"}],"replies":[{"embeddable":true,"href":"https:\/\/www.europesays.com\/fr\/wp-json\/wp\/v2\/comments?post=456264"}],"version-history":[{"count":0,"href":"https:\/\/www.europesays.com\/fr\/wp-json\/wp\/v2\/posts\/456264\/revisions"}],"wp:featuredmedia":[{"embeddable":true,"href":"https:\/\/www.europesays.com\/fr\/wp-json\/wp\/v2\/media\/456265"}],"wp:attachment":[{"href":"https:\/\/www.europesays.com\/fr\/wp-json\/wp\/v2\/media?parent=456264"}],"wp:term":[{"taxonomy":"category","embeddable":true,"href":"https:\/\/www.europesays.com\/fr\/wp-json\/wp\/v2\/categories?post=456264"},{"taxonomy":"post_tag","embeddable":true,"href":"https:\/\/www.europesays.com\/fr\/wp-json\/wp\/v2\/tags?post=456264"}],"curies":[{"name":"wp","href":"https:\/\/api.w.org\/{rel}","templated":true}]}}